{"id":722,"date":"2025-03-11T18:29:29","date_gmt":"2025-03-11T18:29:29","guid":{"rendered":"https:\/\/www.calc-avocat.com\/?p=722"},"modified":"2025-03-12T14:42:57","modified_gmt":"2025-03-12T14:42:57","slug":"lexamen-de-conformite-fiscale-reelle-aubaine-ou-fausse-bonne-idee","status":"publish","type":"post","link":"https:\/\/www.calc-avocat.com\/en\/lexamen-de-conformite-fiscale-reelle-aubaine-ou-fausse-bonne-idee\/","title":{"rendered":"L\u2019examen de conformit\u00e9 fiscale\u00a0: r\u00e9elle aubaine ou fausse bonne id\u00e9e\u00a0?"},"content":{"rendered":"<div data-elementor-type=\"wp-post\" data-elementor-id=\"722\" class=\"elementor elementor-722\">\n\t\t\t\t\t\t<section class=\"elementor-section elementor-top-section elementor-element elementor-element-68b6238d elementor-section-boxed elementor-section-height-default elementor-section-height-default\" data-id=\"68b6238d\" data-element_type=\"section\">\n\t\t\t\t\t\t<div class=\"elementor-container elementor-column-gap-default\">\n\t\t\t\t\t<div class=\"elementor-column elementor-col-100 elementor-top-column elementor-element elementor-element-45e83b09\" data-id=\"45e83b09\" data-element_type=\"column\">\n\t\t\t<div class=\"elementor-widget-wrap elementor-element-populated\">\n\t\t\t\t\t\t<div class=\"elementor-element elementor-element-7e21d570 elementor-widget elementor-widget-text-editor\" data-id=\"7e21d570\" data-element_type=\"widget\" data-widget_type=\"text-editor.default\">\n\t\t\t\t<div class=\"elementor-widget-container\">\n\t\t\t\t\t\t\t\t\t\n<p>Dans la continuit\u00e9 de l\u2019adoption de la loi ESSOC, dite loi pour le droit \u00e0 l\u2019erreur, du 10 ao\u00fbt 2018 (<a href=\"https:\/\/www.legifrance.gouv.fr\/loda\/id\/JORFTEXT000037307624\">Loi n\u00b02018-727, 10 ao\u00fbt 2018<\/a>), \u00e9tait publi\u00e9 le 13 janvier 2021 le d\u00e9cret relatif \u00e0 l\u2019Examen de Conformit\u00e9 Fiscale (<a href=\"https:\/\/www.legifrance.gouv.fr\/jorf\/id\/JORFTEXT000042963367\">D\u00e9cret 2021-25 du13 janvier 2021<\/a>). Si l\u2019on en croit le bilan de la relation de confiance (<a href=\"https:\/\/www.impots.gouv.fr\/sites\/default\/files\/media\/1_metier\/2_professionnel\/EV\/4_difficultes\/450_PME\/dp_-_bilan_de_la_relation_de_confiance_-_2021-03-08.pdf\">Dossier de presse du 8 mars 2021<\/a>), l\u2019objectif poursuivi \u00e9tait \u00ab\u00a0<em>une s\u00e9curit\u00e9 juridique accrue pour les entreprises et la cr\u00e9ation d\u2019une nouvelle mission pour les professionnels<\/em>\u00a0\u00bb.<\/p>\n\n<p>Quatre ans apr\u00e8s l\u2019entr\u00e9e en vigueur de ce dispositif, on peut l\u00e9gitimement s\u2019interroger sur la r\u00e9alisation de ce double objectif, et plus largement sur les cons\u00e9quences de la mise en \u0153uvre des diff\u00e9rentes mesures adopt\u00e9es dans ce contexte sur la vie des entreprises.<\/p>\n<p><strong>L&rsquo;examen de conformit\u00e9 fiscale, en quoi \u00e7a consiste ?<\/strong><\/p>\n\n<p>Le d\u00e9cret du 13 janvier 2021 d\u00e9finit l\u2019examen de conformit\u00e9 fiscale comme \u00ab\u00a0<em>une prestation contractuelle au titre de laquelle un prestataire s&rsquo;engage en toute ind\u00e9pendance, \u00e0 la demande d&rsquo;une entreprise, \u00e0 se prononcer sur la conformit\u00e9 aux r\u00e8gles fiscales des points pr\u00e9vus dans un chemin d&rsquo;audit et selon un cahier des charges d\u00e9finis par arr\u00eat\u00e9 du ministre charg\u00e9 du budget.\u00a0<\/em>\u00bb<\/p>\n\n<p>Rien de bien nouveau par cons\u00e9quent, puisqu\u2019il s\u2019agit peu ou prou d\u2019une mission de revue fiscale, au sens o\u00f9 l\u2019entendent g\u00e9n\u00e9ralement les commissaires aux comptes charg\u00e9s de certifier les comptes des grandes entreprises, si ce n\u2019est que les conditions contractuelles, la piste d\u2019audit, et le format du rapport sont fix\u00e9s par l\u2019arr\u00eat\u00e9 du 13 janvier (<a href=\"https:\/\/www.legifrance.gouv.fr\/jorf\/id\/JORFTEXT000042963379\">arr\u00eat\u00e9 pris pour l&rsquo;application du d\u00e9cret 2021-25<\/a>).<\/p>\n<p><strong>Que doit pr\u00e9ciser le contrat conclu entre l&rsquo;entreprise et le prestataire ?<\/strong><\/p>\n\n<p>S\u2019agissant des conditions contractuelles, l\u2019article 3 du d\u00e9cret nous rappelle si besoin \u00e9tait que le contrat doit pr\u00e9ciser l\u2019objet de la prestation, les droits et obligations des parties, et la r\u00e9mun\u00e9ration du prestataire. Le mod\u00e8le propos\u00e9 par l\u2019arr\u00eat\u00e9 du 13 janvier 2021 ne s\u2019\u00e9carte pas fondamentalement de ce qui est g\u00e9n\u00e9ralement pr\u00e9vu dans les contrats conclus entre les experts-comptables ou les avocats fiscalistes et leurs clients, \u00e0 quelques d\u00e9tails pr\u00e8s. On peut s\u2019interroger par exemple sur la pertinence juridique de l\u2019article 7 qui dispose que \u00ab\u00a0<em>dans l&rsquo;hypoth\u00e8se o\u00f9 un rappel r\u00e9alis\u00e9 lors d&rsquo;un contr\u00f4le fiscal ult\u00e9rieur porterait sur un point valid\u00e9 dans le cadre du pr\u00e9sent ECF, le contrat est consid\u00e9r\u00e9 comme r\u00e9solu pour la partie relative \u00e0 ce point audit\u00e9.<\/em>\u00a0\u00bb. Or, l\u2019existence d\u2019un rappel suite \u00e0 un contr\u00f4le fiscal survenu \u00e0 l\u2019int\u00e9rieur du d\u00e9lai de reprise ne signifie pas que la prestation n\u2019a pas \u00e9t\u00e9 r\u00e9alis\u00e9e. Le remboursement des honoraires per\u00e7us pour l\u2019audit d\u2019un point ayant donn\u00e9 lieu \u00e0 redressement, cons\u00e9quence pr\u00e9vue par le mod\u00e8le de contrat, ne diff\u00e8re pas de ce qui est pratiqu\u00e9 habituellement en pr\u00e9sence d\u2019une erreur imputable au prestaire lui-m\u00eame, et non pas aux omissions de l\u2019entreprise ou aux divergences d\u2019interpr\u00e9tation des r\u00e8gles en vigueur. En revanche, rien n\u2019est pr\u00e9cis\u00e9 s\u2019agissant de la prise en charge des int\u00e9r\u00eats de retard, contestable puisqu\u2019il ne s\u2019agit pas d\u2019une sanction mais du co\u00fbt de l\u2019argent, ni des p\u00e9nalit\u00e9s \u00e9ventuelles.<\/p>\n<p><strong>Et quels effets pour l&rsquo;examen de conformit\u00e9 fiscale en cas de contr\u00f4le ?<\/strong><\/p>\n\n<p>Car curieusement, si le contenu du contrat est d\u00e9crit par le menu, rien n\u2019est indiqu\u00e9 en ce qui concerne l\u2019effet de la communication \u00e0 l\u2019administration du rapport d\u2019audit sur les \u00e9ventuelles sanctions fiscales. BPI France, dans un article cit\u00e9 par le site economie.gouv.fr, indique que La mention de la r\u00e9alisation d\u2019un ECF dans la d\u00e9claration de r\u00e9sultats \u00ab\u00a0<em>permet de produire les effets d&rsquo;une\u00a0<strong>mention expresse exon\u00e9ratoire<\/strong>\u00a0de l&rsquo;int\u00e9r\u00eat de retard en cas de rappel ult\u00e9rieur.\u00a0<\/em>\u00bb, et donc emp\u00eacherait leur application (<a href=\"https:\/\/bpifrance-creation.fr\/encyclopedie\/gerer-piloter-lentreprise\/piloter-gerer-son-entreprise\/lexamen-conformite-fiscale\">BPI France L&rsquo;examen de conformit\u00e9 fiscale<\/a>).<\/p>\n\n<p>L\u2019administration ne semble pas aller si loin dans l\u2019affirmation. Et pour cause, le BOFIP dans la section relative aux exceptions \u00e0 l\u2019application de l\u2019int\u00e9r\u00eat de retard pr\u00e9cise que celui-ci <em>\u00ab\u00a0<\/em><em>n&rsquo;est pas applicable lorsque le contribuable fait conna\u00eetre, par une indication expresse port\u00e9e sur la d\u00e9claration ou l&rsquo;acte, ou dans une note annex\u00e9e, les motifs de droit ou de fait<\/em>\u00a0\u00bb qui l\u2019ont conduit \u00e0 la position fiscale contest\u00e9e.<\/p>\n\n<p>Or le mod\u00e8le de compte-rendu de mission requis par l\u2019administration n\u2019exige pas du prestataire qu\u2019il motive ses positions.<\/p>\n\n<p>L\u2019administration se contente donc d\u2019indiquer que \u00ab\u00a0<em>si l\u2019entreprise a bien pris en compte les recommandations formul\u00e9es par l\u2019auditeur, la DGFIP pourrait ne pas exiger le paiement de p\u00e9nalit\u00e9 ni d\u2019int\u00e9r\u00eat de retard<\/em>\u00a0(<a href=\"https:\/\/www.economie.gouv.fr\/cedef\/examen-conformite-fiscale\">Extrait du site Economie.gouv.fr<\/a>). L\u2019usage du conditionnel nous invite au questionnement.<\/p>\n<p><strong>Quels sont les sujets revus par le prestataire ?<\/strong><\/p>\n\n<p>En ce qui concerne l\u2019importance des diligences attendues du prestataire, la piste d\u2019audit reprend les 10 sujets les plus couramment contr\u00f4l\u00e9s, ce qui permettra \u00e0 l\u2019administration de se concentrer \u00e9ventuellement sur d\u2019autres sujets non couverts. Le cahier des charges semble aller plus loin dans les recommandations. Si certains sujets semblent utilement d\u00e9taill\u00e9s, telle la m\u00e9thodologie \u00e0 suivre pour le contr\u00f4le du FEC, d\u2019autres ne comportent que des rappels d\u2019\u00e9vidences. Ainsi il est pr\u00e9cis\u00e9 que \u00ab\u00a0<em>le r\u00e9gime de l\u2019int\u00e9gration fiscale est examin\u00e9 au niveau de la structure b\u00e9n\u00e9ficiant de l\u2019ECF en \u00e9tudiant si les crit\u00e8res d\u2019int\u00e9gration sont remplis et si les obligations d\u00e9claratives inh\u00e9rentes sont bien respect\u00e9e<\/em>\u00a0\u00bb. Nous voil\u00e0 bien avanc\u00e9s.<\/p>\n\n<p>Entendons-nous bien\u00a0: l\u2019audit fiscal en soi, m\u00eame lorsqu\u2019il n\u2019est pas strictement requis pour la certification des comptes, demeure un outil essentiel pour une bonne gestion du risque. \u00c9tait-il pour autant n\u00e9cessaire de le normer\u00a0? L\u2019un des avantages que l\u2019on peut y voir est la possibilit\u00e9 de faire \u00e9tat de la r\u00e9alisation de cet ECF en transmettant le compte-rendu de mission dans les d\u00e9lais impartis, et non pas simplement comme sugg\u00e9r\u00e9 par certains professionnels en cochant la case appropri\u00e9e de la d\u00e9claration fiscale. Cela permet sans nul doute, compte-tenu des r\u00e8gles de programmation des contr\u00f4les, de r\u00e9duire le risque de survenance de l\u2019\u00e9v\u00e8nement.<\/p>\n\n<p>A noter qu\u2019il demeure possible de contracter avec un prestataire pour la r\u00e9alisation d\u2019un ECF, de joindre le compte-rendu mission \u00e0 la d\u00e9claration de r\u00e9sultat lorsqu\u2019aucune anomalie n\u2019est relev\u00e9e ou qu\u2019elles ont \u00e9t\u00e9 corrig\u00e9es, ou de ne pas en faire \u00e9tat en cas conclusions d\u00e9favorables \u00e0 l\u2019entreprise.<\/p>\n<p><strong>Un bilan mitig\u00e9 pour l&rsquo;examen de conformit\u00e9 fiscale, compens\u00e9 en partie par le succ\u00e8s de la relation de confiance dans son ensemble<\/strong><\/p>\n\n<p>En conclusion, peut-\u00eatre pour l\u2019ensemble de ces raisons, l\u2019ECF ne semble pas avoir rencontr\u00e9 le succ\u00e8s escompt\u00e9, avec 248\u00a0230 ECF r\u00e9alis\u00e9s au 15 juillet 2023 soit un peu plus de 3% de l\u2019objectif affich\u00e9 (<a href=\"https:\/\/www.senat.fr\/questions\/base\/2023\/qSEQ231209433.html\">R\u00e9ponse \u00e0 la question au S\u00e9nat n\u00b009433 du 14 d\u00e9cembre 2023<\/a>).<\/p>\n\n<p>Les autres dispositifs inclus dans la relation de confiance semblent \u00e0 l\u2019inverse conna\u00eetre un certain succ\u00e8s, motiv\u00e9 en partie par la crainte des sanctions. Sur ce sujet, il n\u2019est pas inutile de pr\u00e9ciser que les statistiques de l\u2019administration (<a href=\"https:\/\/www.budget.gouv.fr\/files\/uploads\/extract\/2023\/PLR\/BG\/PGM\/156\/FR_2023_PLR_BG_PGM_156_PERF.html\">Rapport sur les objectifs et les indicateurs de performance de l&rsquo;administration fiscale<\/a>) font \u00e9tat d\u2019un taux de transmission des dossiers r\u00e9pressifs au parquet stable sur les derni\u00e8res ann\u00e9es, de 8,71% \u00e0 9,41%, avec un objectif de 11% pour l\u2019ann\u00e9e 2024. Ce taux est calcul\u00e9 au regard des redressements avec p\u00e9nalit\u00e9s exclusives de bonne foi, amendes r\u00e9pressifs ou d\u00e9faillance d\u00e9clarative apr\u00e8s mise en demeure.<\/p>\n\n<p>Ce m\u00eame rapport fait ainsi \u00e9tat d\u2019un accroissement du nombre de grandes entreprises ayant conclu un partenariat fiscal de 63 en 2022 \u00e0 81 en 2023, avec un taux de satisfaction de 88%.<\/p>\n\n<p>L\u2019administration s\u2019est par ailleurs fix\u00e9 un objectif de 8\u00a0500 PME concern\u00e9es par l\u2019accompagnement personnalis\u00e9, contre 1500. Pour y parvenir, le dernier bilan en date, publi\u00e9 le 6 juin 2023, faisait \u00e9tat du d\u00e9ploiement de ce service dans 36 nouvelles directions d\u00e9partementales, strat\u00e9gie soutenue, on peut l\u2019esp\u00e9rer, par une demande croissante des entreprises.<\/p>\n\n<p>S\u2019agissant des demandes de mise en conformit\u00e9, le dispositif semble rencontrer un succ\u00e8s certain principalement en cas de rachat d\u2019entreprise. Pour m\u00e9moire, a \u00e9t\u00e9 cr\u00e9\u00e9 dans la continuit\u00e9 de la loi ESSOC le service de mise en conformit\u00e9 des entreprises (SMEC). Il s\u2019agit pour un certain nombre de probl\u00e9matiques limitativement \u00e9num\u00e9r\u00e9es, dont la liste a \u00e9t\u00e9 grandement \u00e9largie par une circulaire du 8 mars 2021, et exposant par hypoth\u00e8se le contribuable \u00e0 des p\u00e9nalit\u00e9s major\u00e9es, de lui permettre de mani\u00e8re spontan\u00e9e, condition indispensable, de d\u00e9poser des d\u00e9clarations rectificatives et de b\u00e9n\u00e9ficier d\u2019une r\u00e9duction desdites p\u00e9nalit\u00e9s, de 80 \u00e0 30% et de 40 \u00e0 15%, voire de 10% \u00e0 0. Les int\u00e9r\u00eats de retard sont \u00e9galement r\u00e9duits \u00e0 hauteur de 40% \u00e0 50% de leur montant selon les cas.<\/p>\n\n<p>La principale objection est que le dispositif repose sur l\u2019id\u00e9e que la mauvaise foi du contribuable est indiscutable. Or, dans un certain nombre d\u2019hypoth\u00e8ses, cette affirmation n\u2019est pas n\u00e9cessairement exacte, et l\u2019erreur peut notamment r\u00e9sulter du manque de clart\u00e9 des textes fiscaux. Cet outil est donc \u00e0 r\u00e9server \u00e0 des situations dans lesquelles le contribuable est certain de ne pouvoir \u00e9tablir sa bonne foi, ou ne souhaite pas aller au contentieux face \u00e0 l\u2019administration fiscale.<\/p>\n\n<p>La loi ESSOC, et son corolaire, la relation de confiance, resteront donc probablement dans les annales comme une date clef s\u2019agissant de l\u2019\u00e9volution des relations entre l\u2019administration et les entreprises, malgr\u00e9 quelques tentatives inabouties.<\/p>\n\n<p>\u00a0<\/p>\n\t\t\t\t\t\t\t\t<\/div>\n\t\t\t\t<\/div>\n\t\t\t\t\t<\/div>\n\t\t<\/div>\n\t\t\t\t\t<\/div>\n\t\t<\/section>\n\t\t\t\t<\/div>","protected":false},"excerpt":{"rendered":"<p>Dans la continuit\u00e9 de l\u2019adoption de la loi ESSOC, dite loi pour le droit \u00e0 l\u2019erreur, du 10 ao\u00fbt 2018 (Loi n\u00b02018-727, 10 ao\u00fbt 2018), \u00e9tait publi\u00e9 le 13 janvier 2021 le d\u00e9cret relatif \u00e0 l\u2019Examen de Conformit\u00e9 Fiscale (D\u00e9cret 2021-25 du13 janvier 2021). Si l\u2019on en croit le bilan de la relation de confiance [&hellip;]<\/p>","protected":false},"author":3,"featured_media":0,"comment_status":"closed","ping_status":"closed","sticky":false,"template":"","format":"standard","meta":{"ocean_post_layout":"","ocean_both_sidebars_style":"","ocean_both_sidebars_content_width":0,"ocean_both_sidebars_sidebars_width":0,"ocean_sidebar":"","ocean_second_sidebar":"","ocean_disable_margins":"enable","ocean_add_body_class":"","ocean_shortcode_before_top_bar":"","ocean_shortcode_after_top_bar":"","ocean_shortcode_before_header":"","ocean_shortcode_after_header":"","ocean_has_shortcode":"","ocean_shortcode_after_title":"","ocean_shortcode_before_footer_widgets":"","ocean_shortcode_after_footer_widgets":"","ocean_shortcode_before_footer_bottom":"","ocean_shortcode_after_footer_bottom":"","ocean_display_top_bar":"default","ocean_display_header":"default","ocean_header_style":"","ocean_center_header_left_menu":"","ocean_custom_header_template":"","ocean_custom_logo":0,"ocean_custom_retina_logo":0,"ocean_custom_logo_max_width":0,"ocean_custom_logo_tablet_max_width":0,"ocean_custom_logo_mobile_max_width":0,"ocean_custom_logo_max_height":0,"ocean_custom_logo_tablet_max_height":0,"ocean_custom_logo_mobile_max_height":0,"ocean_header_custom_menu":"","ocean_menu_typo_font_family":"","ocean_menu_typo_font_subset":"","ocean_menu_typo_font_size":0,"ocean_menu_typo_font_size_tablet":0,"ocean_menu_typo_font_size_mobile":0,"ocean_menu_typo_font_size_unit":"px","ocean_menu_typo_font_weight":"","ocean_menu_typo_font_weight_tablet":"","ocean_menu_typo_font_weight_mobile":"","ocean_menu_typo_transform":"","ocean_menu_typo_transform_tablet":"","ocean_menu_typo_transform_mobile":"","ocean_menu_typo_line_height":0,"ocean_menu_typo_line_height_tablet":0,"ocean_menu_typo_line_height_mobile":0,"ocean_menu_typo_line_height_unit":"","ocean_menu_typo_spacing":0,"ocean_menu_typo_spacing_tablet":0,"ocean_menu_typo_spacing_mobile":0,"ocean_menu_typo_spacing_unit":"","ocean_menu_link_color":"","ocean_menu_link_color_hover":"","ocean_menu_link_color_active":"","ocean_menu_link_background":"","ocean_menu_link_hover_background":"","ocean_menu_link_active_background":"","ocean_menu_social_links_bg":"","ocean_menu_social_hover_links_bg":"","ocean_menu_social_links_color":"","ocean_menu_social_hover_links_color":"","ocean_disable_title":"default","ocean_disable_heading":"default","ocean_post_title":"","ocean_post_subheading":"","ocean_post_title_style":"","ocean_post_title_background_color":"","ocean_post_title_background":0,"ocean_post_title_bg_image_position":"","ocean_post_title_bg_image_attachment":"","ocean_post_title_bg_image_repeat":"","ocean_post_title_bg_image_size":"","ocean_post_title_height":0,"ocean_post_title_bg_overlay":0.5,"ocean_post_title_bg_overlay_color":"","ocean_disable_breadcrumbs":"default","ocean_breadcrumbs_color":"","ocean_breadcrumbs_separator_color":"","ocean_breadcrumbs_links_color":"","ocean_breadcrumbs_links_hover_color":"","ocean_display_footer_widgets":"default","ocean_display_footer_bottom":"default","ocean_custom_footer_template":"","ocean_post_oembed":"","ocean_post_self_hosted_media":"","ocean_post_video_embed":"","ocean_link_format":"","ocean_link_format_target":"self","ocean_quote_format":"","ocean_quote_format_link":"post","ocean_gallery_link_images":"on","ocean_gallery_id":[],"footnotes":""},"categories":[1],"tags":[],"class_list":["post-722","post","type-post","status-publish","format-standard","hentry","category-uncategorized","entry"],"yoast_head":"<!-- This site is optimized with the Yoast SEO plugin v24.9 - https:\/\/yoast.com\/wordpress\/plugins\/seo\/ -->\n<title>L\u2019examen de conformit\u00e9 fiscale\u00a0: r\u00e9elle aubaine ou fausse bonne id\u00e9e\u00a0? - Clarisse Amadieu-Le Claire<\/title>\n<meta name=\"robots\" content=\"index, follow, max-snippet:-1, max-image-preview:large, max-video-preview:-1\" \/>\n<link rel=\"canonical\" href=\"https:\/\/www.calc-avocat.com\/en\/lexamen-de-conformite-fiscale-reelle-aubaine-ou-fausse-bonne-idee\/\" \/>\n<meta property=\"og:locale\" content=\"en_GB\" \/>\n<meta property=\"og:type\" content=\"article\" \/>\n<meta property=\"og:title\" content=\"L\u2019examen de conformit\u00e9 fiscale\u00a0: r\u00e9elle aubaine ou fausse bonne id\u00e9e\u00a0? - Clarisse Amadieu-Le Claire\" \/>\n<meta property=\"og:description\" content=\"Dans la continuit\u00e9 de l\u2019adoption de la loi ESSOC, dite loi pour le droit \u00e0 l\u2019erreur, du 10 ao\u00fbt 2018 (Loi n\u00b02018-727, 10 ao\u00fbt 2018), \u00e9tait publi\u00e9 le 13 janvier 2021 le d\u00e9cret relatif \u00e0 l\u2019Examen de Conformit\u00e9 Fiscale (D\u00e9cret 2021-25 du13 janvier 2021). Si l\u2019on en croit le bilan de la relation de confiance [&hellip;]\" \/>\n<meta property=\"og:url\" content=\"https:\/\/www.calc-avocat.com\/en\/lexamen-de-conformite-fiscale-reelle-aubaine-ou-fausse-bonne-idee\/\" \/>\n<meta property=\"og:site_name\" content=\"Clarisse Amadieu-Le Claire\" \/>\n<meta property=\"article:published_time\" content=\"2025-03-11T18:29:29+00:00\" \/>\n<meta property=\"article:modified_time\" content=\"2025-03-12T14:42:57+00:00\" \/>\n<meta name=\"author\" content=\"Clarisse Amadieu-Le Claire\" \/>\n<meta name=\"twitter:card\" content=\"summary_large_image\" \/>\n<meta name=\"twitter:label1\" content=\"Written by\" \/>\n\t<meta name=\"twitter:data1\" content=\"Clarisse Amadieu-Le Claire\" \/>\n\t<meta name=\"twitter:label2\" content=\"Estimated reading time\" \/>\n\t<meta name=\"twitter:data2\" content=\"8 minutes\" \/>\n<script type=\"application\/ld+json\" class=\"yoast-schema-graph\">{\"@context\":\"https:\/\/schema.org\",\"@graph\":[{\"@type\":\"Article\",\"@id\":\"https:\/\/www.calc-avocat.com\/lexamen-de-conformite-fiscale-reelle-aubaine-ou-fausse-bonne-idee\/#article\",\"isPartOf\":{\"@id\":\"https:\/\/www.calc-avocat.com\/lexamen-de-conformite-fiscale-reelle-aubaine-ou-fausse-bonne-idee\/\"},\"author\":{\"name\":\"Clarisse Amadieu-Le Claire\",\"@id\":\"https:\/\/www.calc-avocat.com\/#\/schema\/person\/c93c82e531e25602532a18336b0ca991\"},\"headline\":\"L\u2019examen de conformit\u00e9 fiscale\u00a0: r\u00e9elle aubaine ou fausse bonne id\u00e9e\u00a0?\",\"datePublished\":\"2025-03-11T18:29:29+00:00\",\"dateModified\":\"2025-03-12T14:42:57+00:00\",\"mainEntityOfPage\":{\"@id\":\"https:\/\/www.calc-avocat.com\/lexamen-de-conformite-fiscale-reelle-aubaine-ou-fausse-bonne-idee\/\"},\"wordCount\":1717,\"publisher\":{\"@id\":\"https:\/\/www.calc-avocat.com\/#organization\"},\"articleSection\":[\"Uncategorized\"],\"inLanguage\":\"en-GB\"},{\"@type\":\"WebPage\",\"@id\":\"https:\/\/www.calc-avocat.com\/lexamen-de-conformite-fiscale-reelle-aubaine-ou-fausse-bonne-idee\/\",\"url\":\"https:\/\/www.calc-avocat.com\/lexamen-de-conformite-fiscale-reelle-aubaine-ou-fausse-bonne-idee\/\",\"name\":\"L\u2019examen de conformit\u00e9 fiscale\u00a0: r\u00e9elle aubaine ou fausse bonne id\u00e9e\u00a0? - Clarisse Amadieu-Le Claire\",\"isPartOf\":{\"@id\":\"https:\/\/www.calc-avocat.com\/#website\"},\"datePublished\":\"2025-03-11T18:29:29+00:00\",\"dateModified\":\"2025-03-12T14:42:57+00:00\",\"breadcrumb\":{\"@id\":\"https:\/\/www.calc-avocat.com\/lexamen-de-conformite-fiscale-reelle-aubaine-ou-fausse-bonne-idee\/#breadcrumb\"},\"inLanguage\":\"en-GB\",\"potentialAction\":[{\"@type\":\"ReadAction\",\"target\":[\"https:\/\/www.calc-avocat.com\/lexamen-de-conformite-fiscale-reelle-aubaine-ou-fausse-bonne-idee\/\"]}]},{\"@type\":\"BreadcrumbList\",\"@id\":\"https:\/\/www.calc-avocat.com\/lexamen-de-conformite-fiscale-reelle-aubaine-ou-fausse-bonne-idee\/#breadcrumb\",\"itemListElement\":[{\"@type\":\"ListItem\",\"position\":1,\"name\":\"Accueil\",\"item\":\"https:\/\/www.calc-avocat.com\/\"},{\"@type\":\"ListItem\",\"position\":2,\"name\":\"L\u2019examen de conformit\u00e9 fiscale\u00a0: r\u00e9elle aubaine ou fausse bonne id\u00e9e\u00a0?\"}]},{\"@type\":\"WebSite\",\"@id\":\"https:\/\/www.calc-avocat.com\/#website\",\"url\":\"https:\/\/www.calc-avocat.com\/\",\"name\":\"Clarisse Amadieu-Le Claire\",\"description\":\"Avocat au Barreau de Paris\",\"publisher\":{\"@id\":\"https:\/\/www.calc-avocat.com\/#organization\"},\"potentialAction\":[{\"@type\":\"SearchAction\",\"target\":{\"@type\":\"EntryPoint\",\"urlTemplate\":\"https:\/\/www.calc-avocat.com\/?s={search_term_string}\"},\"query-input\":{\"@type\":\"PropertyValueSpecification\",\"valueRequired\":true,\"valueName\":\"search_term_string\"}}],\"inLanguage\":\"en-GB\"},{\"@type\":\"Organization\",\"@id\":\"https:\/\/www.calc-avocat.com\/#organization\",\"name\":\"Clarisse Amadieu-Le Claire Soci\u00e9t\u00e9 d\u2019Avocat\",\"url\":\"https:\/\/www.calc-avocat.com\/\",\"logo\":{\"@type\":\"ImageObject\",\"inLanguage\":\"en-GB\",\"@id\":\"https:\/\/www.calc-avocat.com\/#\/schema\/logo\/image\/\",\"url\":\"https:\/\/www.calc-avocat.com\/wp-content\/uploads\/2020\/02\/logoCALCv2.jpg\",\"contentUrl\":\"https:\/\/www.calc-avocat.com\/wp-content\/uploads\/2020\/02\/logoCALCv2.jpg\",\"width\":339,\"height\":339,\"caption\":\"Clarisse Amadieu-Le Claire Soci\u00e9t\u00e9 d\u2019Avocat\"},\"image\":{\"@id\":\"https:\/\/www.calc-avocat.com\/#\/schema\/logo\/image\/\"},\"sameAs\":[\"https:\/\/www.linkedin.com\/in\/clarisse-amadieu-le-claire-b0747116\/\"]},{\"@type\":\"Person\",\"@id\":\"https:\/\/www.calc-avocat.com\/#\/schema\/person\/c93c82e531e25602532a18336b0ca991\",\"name\":\"Clarisse Amadieu-Le Claire\",\"sameAs\":[\"https:\/\/www.calc-avocat.com\"],\"url\":\"https:\/\/www.calc-avocat.com\/en\/author\/calc\/\"}]}<\/script>\n<!-- \/ Yoast SEO plugin. -->","yoast_head_json":{"title":"L\u2019examen de conformit\u00e9 fiscale\u00a0: r\u00e9elle aubaine ou fausse bonne id\u00e9e\u00a0? - Clarisse Amadieu-Le Claire","robots":{"index":"index","follow":"follow","max-snippet":"max-snippet:-1","max-image-preview":"max-image-preview:large","max-video-preview":"max-video-preview:-1"},"canonical":"https:\/\/www.calc-avocat.com\/en\/lexamen-de-conformite-fiscale-reelle-aubaine-ou-fausse-bonne-idee\/","og_locale":"en_GB","og_type":"article","og_title":"L\u2019examen de conformit\u00e9 fiscale\u00a0: r\u00e9elle aubaine ou fausse bonne id\u00e9e\u00a0? - Clarisse Amadieu-Le Claire","og_description":"Dans la continuit\u00e9 de l\u2019adoption de la loi ESSOC, dite loi pour le droit \u00e0 l\u2019erreur, du 10 ao\u00fbt 2018 (Loi n\u00b02018-727, 10 ao\u00fbt 2018), \u00e9tait publi\u00e9 le 13 janvier 2021 le d\u00e9cret relatif \u00e0 l\u2019Examen de Conformit\u00e9 Fiscale (D\u00e9cret 2021-25 du13 janvier 2021). Si l\u2019on en croit le bilan de la relation de confiance [&hellip;]","og_url":"https:\/\/www.calc-avocat.com\/en\/lexamen-de-conformite-fiscale-reelle-aubaine-ou-fausse-bonne-idee\/","og_site_name":"Clarisse Amadieu-Le Claire","article_published_time":"2025-03-11T18:29:29+00:00","article_modified_time":"2025-03-12T14:42:57+00:00","author":"Clarisse Amadieu-Le Claire","twitter_card":"summary_large_image","twitter_misc":{"Written by":"Clarisse Amadieu-Le Claire","Estimated reading time":"8 minutes"},"schema":{"@context":"https:\/\/schema.org","@graph":[{"@type":"Article","@id":"https:\/\/www.calc-avocat.com\/lexamen-de-conformite-fiscale-reelle-aubaine-ou-fausse-bonne-idee\/#article","isPartOf":{"@id":"https:\/\/www.calc-avocat.com\/lexamen-de-conformite-fiscale-reelle-aubaine-ou-fausse-bonne-idee\/"},"author":{"name":"Clarisse Amadieu-Le Claire","@id":"https:\/\/www.calc-avocat.com\/#\/schema\/person\/c93c82e531e25602532a18336b0ca991"},"headline":"L\u2019examen de conformit\u00e9 fiscale\u00a0: r\u00e9elle aubaine ou fausse bonne id\u00e9e\u00a0?","datePublished":"2025-03-11T18:29:29+00:00","dateModified":"2025-03-12T14:42:57+00:00","mainEntityOfPage":{"@id":"https:\/\/www.calc-avocat.com\/lexamen-de-conformite-fiscale-reelle-aubaine-ou-fausse-bonne-idee\/"},"wordCount":1717,"publisher":{"@id":"https:\/\/www.calc-avocat.com\/#organization"},"articleSection":["Uncategorized"],"inLanguage":"en-GB"},{"@type":"WebPage","@id":"https:\/\/www.calc-avocat.com\/lexamen-de-conformite-fiscale-reelle-aubaine-ou-fausse-bonne-idee\/","url":"https:\/\/www.calc-avocat.com\/lexamen-de-conformite-fiscale-reelle-aubaine-ou-fausse-bonne-idee\/","name":"L\u2019examen de conformit\u00e9 fiscale\u00a0: r\u00e9elle aubaine ou fausse bonne id\u00e9e\u00a0? - Clarisse Amadieu-Le Claire","isPartOf":{"@id":"https:\/\/www.calc-avocat.com\/#website"},"datePublished":"2025-03-11T18:29:29+00:00","dateModified":"2025-03-12T14:42:57+00:00","breadcrumb":{"@id":"https:\/\/www.calc-avocat.com\/lexamen-de-conformite-fiscale-reelle-aubaine-ou-fausse-bonne-idee\/#breadcrumb"},"inLanguage":"en-GB","potentialAction":[{"@type":"ReadAction","target":["https:\/\/www.calc-avocat.com\/lexamen-de-conformite-fiscale-reelle-aubaine-ou-fausse-bonne-idee\/"]}]},{"@type":"BreadcrumbList","@id":"https:\/\/www.calc-avocat.com\/lexamen-de-conformite-fiscale-reelle-aubaine-ou-fausse-bonne-idee\/#breadcrumb","itemListElement":[{"@type":"ListItem","position":1,"name":"Accueil","item":"https:\/\/www.calc-avocat.com\/"},{"@type":"ListItem","position":2,"name":"L\u2019examen de conformit\u00e9 fiscale\u00a0: r\u00e9elle aubaine ou fausse bonne id\u00e9e\u00a0?"}]},{"@type":"WebSite","@id":"https:\/\/www.calc-avocat.com\/#website","url":"https:\/\/www.calc-avocat.com\/","name":"Clarisse Amadieu-Le Claire","description":"Avocat au Barreau de Paris","publisher":{"@id":"https:\/\/www.calc-avocat.com\/#organization"},"potentialAction":[{"@type":"SearchAction","target":{"@type":"EntryPoint","urlTemplate":"https:\/\/www.calc-avocat.com\/?s={search_term_string}"},"query-input":{"@type":"PropertyValueSpecification","valueRequired":true,"valueName":"search_term_string"}}],"inLanguage":"en-GB"},{"@type":"Organization","@id":"https:\/\/www.calc-avocat.com\/#organization","name":"Clarisse Amadieu-Le Claire Soci\u00e9t\u00e9 d\u2019Avocat","url":"https:\/\/www.calc-avocat.com\/","logo":{"@type":"ImageObject","inLanguage":"en-GB","@id":"https:\/\/www.calc-avocat.com\/#\/schema\/logo\/image\/","url":"https:\/\/www.calc-avocat.com\/wp-content\/uploads\/2020\/02\/logoCALCv2.jpg","contentUrl":"https:\/\/www.calc-avocat.com\/wp-content\/uploads\/2020\/02\/logoCALCv2.jpg","width":339,"height":339,"caption":"Clarisse Amadieu-Le Claire Soci\u00e9t\u00e9 d\u2019Avocat"},"image":{"@id":"https:\/\/www.calc-avocat.com\/#\/schema\/logo\/image\/"},"sameAs":["https:\/\/www.linkedin.com\/in\/clarisse-amadieu-le-claire-b0747116\/"]},{"@type":"Person","@id":"https:\/\/www.calc-avocat.com\/#\/schema\/person\/c93c82e531e25602532a18336b0ca991","name":"Clarisse Amadieu-Le Claire","sameAs":["https:\/\/www.calc-avocat.com"],"url":"https:\/\/www.calc-avocat.com\/en\/author\/calc\/"}]}},"_links":{"self":[{"href":"https:\/\/www.calc-avocat.com\/en\/wp-json\/wp\/v2\/posts\/722","targetHints":{"allow":["GET"]}}],"collection":[{"href":"https:\/\/www.calc-avocat.com\/en\/wp-json\/wp\/v2\/posts"}],"about":[{"href":"https:\/\/www.calc-avocat.com\/en\/wp-json\/wp\/v2\/types\/post"}],"author":[{"embeddable":true,"href":"https:\/\/www.calc-avocat.com\/en\/wp-json\/wp\/v2\/users\/3"}],"replies":[{"embeddable":true,"href":"https:\/\/www.calc-avocat.com\/en\/wp-json\/wp\/v2\/comments?post=722"}],"version-history":[{"count":11,"href":"https:\/\/www.calc-avocat.com\/en\/wp-json\/wp\/v2\/posts\/722\/revisions"}],"predecessor-version":[{"id":736,"href":"https:\/\/www.calc-avocat.com\/en\/wp-json\/wp\/v2\/posts\/722\/revisions\/736"}],"wp:attachment":[{"href":"https:\/\/www.calc-avocat.com\/en\/wp-json\/wp\/v2\/media?parent=722"}],"wp:term":[{"taxonomy":"category","embeddable":true,"href":"https:\/\/www.calc-avocat.com\/en\/wp-json\/wp\/v2\/categories?post=722"},{"taxonomy":"post_tag","embeddable":true,"href":"https:\/\/www.calc-avocat.com\/en\/wp-json\/wp\/v2\/tags?post=722"}],"curies":[{"name":"wp","href":"https:\/\/api.w.org\/{rel}","templated":true}]}}