{"id":564,"date":"2022-02-11T18:25:27","date_gmt":"2022-02-11T18:25:27","guid":{"rendered":"https:\/\/www.calc-avocat.com\/?p=564"},"modified":"2022-02-11T18:30:11","modified_gmt":"2022-02-11T18:30:11","slug":"actionnariat-salarie-et-pacte-dutreil-une-proposition-de-loi-vise-a-mieux-les-concilier","status":"publish","type":"post","link":"https:\/\/www.calc-avocat.com\/en\/actionnariat-salarie-et-pacte-dutreil-une-proposition-de-loi-vise-a-mieux-les-concilier\/","title":{"rendered":"Actionnariat salari\u00e9 et pacte Dutreil : une proposition de loi vise \u00e0 mieux les concilier"},"content":{"rendered":"<div data-elementor-type=\"wp-post\" data-elementor-id=\"564\" class=\"elementor elementor-564\">\n\t\t\t\t\t\t<section class=\"elementor-section elementor-top-section elementor-element elementor-element-18edfd2b elementor-section-boxed elementor-section-height-default elementor-section-height-default\" data-id=\"18edfd2b\" data-element_type=\"section\">\n\t\t\t\t\t\t<div class=\"elementor-container elementor-column-gap-default\">\n\t\t\t\t\t<div class=\"elementor-column elementor-col-100 elementor-top-column elementor-element elementor-element-c103461\" data-id=\"c103461\" data-element_type=\"column\">\n\t\t\t<div class=\"elementor-widget-wrap elementor-element-populated\">\n\t\t\t\t\t\t<div class=\"elementor-element elementor-element-23736311 elementor-widget elementor-widget-text-editor\" data-id=\"23736311\" data-element_type=\"widget\" data-widget_type=\"text-editor.default\">\n\t\t\t\t<div class=\"elementor-widget-container\">\n\t\t\t\t\t\t\t\t\t\n<p>Une proposition de loi est actuellement en discussion \u00e0 l\u2019Assembl\u00e9e\u00a0Nationale, au niveau de la commission des finances, afin de permettre de mieux concilier ces deux dispositifs<\/p>\n\n<p>Dans les groupes familiaux, l\u2019acc\u00e8s des salari\u00e9s au capital de l\u2019entreprise se mat\u00e9rialise fr\u00e9quemment par l\u2019interposition d\u2019une soci\u00e9t\u00e9 holding d\u00e9di\u00e9e. L\u2019objectif est notamment de faciliter la gouvernance et de pr\u00e9venir le risque de dilution en donnant aux actionnaires familiaux une minorit\u00e9 de blocage dans la soci\u00e9t\u00e9 d\u00e9di\u00e9e \u00e0 cet actionnariat.<\/p>\n\n<p>Parall\u00e8lement, le dispositif Dutreil pr\u00e9voit une exon\u00e9ration des droits de mutation \u00e0 titre gratuit, \u00e0 hauteur de 75%, sous r\u00e9serve qu\u2019une partie des actionnaires s\u2019engage collectivement \u00e0 conserver leurs titres pendant au moins 2 ans, et individuellement pendant 4 ans.<\/p>\n\n<p>L\u2019exon\u00e9ration s\u2019applique en cas de transmission des titres de la soci\u00e9t\u00e9 op\u00e9rationnelle, mais \u00e9galement en cas de transmission des titres d\u2019une soci\u00e9t\u00e9 interpos\u00e9e, dans la limite de deux niveaux d\u2019interposition.<\/p>\n\n<p>Lorsque la d\u00e9tention du capital est structur\u00e9e de telle sorte que ces deux niveaux d\u2019interposition sont d\u00e9j\u00e0 en place, l\u2019apport des titres de la soci\u00e9t\u00e9 holding de t\u00eate \u00e0 une soci\u00e9t\u00e9 majoritairement d\u00e9tenue par les salari\u00e9s de la soci\u00e9t\u00e9 op\u00e9rationnelle est aujourd\u2019hui trait\u00e9e comme une rupture de l\u2019engagement collectif de conservation.<\/p>\n\n<p>De ce fait, le dispositif Dutreil et ses contraintes peuvent conduire les actionnaires familiaux \u00e0 renoncer \u00e0 mettre en place un actionnariat salari\u00e9.<\/p>\n\n<p>L\u2019objet de la proposition de loi est donc de permettre le maintien des avantages du dispositif Dutreil lorsque les titres de la 2<sup>nde<\/sup> soci\u00e9t\u00e9 interpos\u00e9e seront apport\u00e9s \u00e0 une soci\u00e9t\u00e9 d\u00e9tenue majoritairement d\u00e9tenue par les salari\u00e9s, cette condition devant \u00eatre respect\u00e9e pour toute la dur\u00e9e de l\u2019engagement collectif de conservation.<\/p>\n\t\t\t\t\t\t\t\t<\/div>\n\t\t\t\t<\/div>\n\t\t\t\t\t<\/div>\n\t\t<\/div>\n\t\t\t\t\t<\/div>\n\t\t<\/section>\n\t\t\t\t<\/div>","protected":false},"excerpt":{"rendered":"<p>Une proposition de loi est actuellement en discussion \u00e0 l\u2019Assembl\u00e9e\u00a0Nationale, au niveau de la commission des finances, afin de permettre de mieux concilier ces deux dispositifs Dans les groupes familiaux, l\u2019acc\u00e8s des salari\u00e9s au capital de l\u2019entreprise se mat\u00e9rialise fr\u00e9quemment par l\u2019interposition d\u2019une soci\u00e9t\u00e9 holding d\u00e9di\u00e9e. L\u2019objectif est notamment de faciliter la gouvernance et de [&hellip;]<\/p>","protected":false},"author":3,"featured_media":0,"comment_status":"closed","ping_status":"closed","sticky":false,"template":"","format":"standard","meta":{"ocean_post_layout":"","ocean_both_sidebars_style":"","ocean_both_sidebars_content_width":0,"ocean_both_sidebars_sidebars_width":0,"ocean_sidebar":"","ocean_second_sidebar":"","ocean_disable_margins":"enable","ocean_add_body_class":"","ocean_shortcode_before_top_bar":"","ocean_shortcode_after_top_bar":"","ocean_shortcode_before_header":"","ocean_shortcode_after_header":"","ocean_has_shortcode":"","ocean_shortcode_after_title":"","ocean_shortcode_before_footer_widgets":"","ocean_shortcode_after_footer_widgets":"","ocean_shortcode_before_footer_bottom":"","ocean_shortcode_after_footer_bottom":"","ocean_display_top_bar":"default","ocean_display_header":"default","ocean_header_style":"","ocean_center_header_left_menu":"","ocean_custom_header_template":"","ocean_custom_logo":0,"ocean_custom_retina_logo":0,"ocean_custom_logo_max_width":0,"ocean_custom_logo_tablet_max_width":0,"ocean_custom_logo_mobile_max_width":0,"ocean_custom_logo_max_height":0,"ocean_custom_logo_tablet_max_height":0,"ocean_custom_logo_mobile_max_height":0,"ocean_header_custom_menu":"","ocean_menu_typo_font_family":"","ocean_menu_typo_font_subset":"","ocean_menu_typo_font_size":0,"ocean_menu_typo_font_size_tablet":0,"ocean_menu_typo_font_size_mobile":0,"ocean_menu_typo_font_size_unit":"px","ocean_menu_typo_font_weight":"","ocean_menu_typo_font_weight_tablet":"","ocean_menu_typo_font_weight_mobile":"","ocean_menu_typo_transform":"","ocean_menu_typo_transform_tablet":"","ocean_menu_typo_transform_mobile":"","ocean_menu_typo_line_height":0,"ocean_menu_typo_line_height_tablet":0,"ocean_menu_typo_line_height_mobile":0,"ocean_menu_typo_line_height_unit":"","ocean_menu_typo_spacing":0,"ocean_menu_typo_spacing_tablet":0,"ocean_menu_typo_spacing_mobile":0,"ocean_menu_typo_spacing_unit":"","ocean_menu_link_color":"","ocean_menu_link_color_hover":"","ocean_menu_link_color_active":"","ocean_menu_link_background":"","ocean_menu_link_hover_background":"","ocean_menu_link_active_background":"","ocean_menu_social_links_bg":"","ocean_menu_social_hover_links_bg":"","ocean_menu_social_links_color":"","ocean_menu_social_hover_links_color":"","ocean_disable_title":"default","ocean_disable_heading":"default","ocean_post_title":"","ocean_post_subheading":"","ocean_post_title_style":"","ocean_post_title_background_color":"","ocean_post_title_background":0,"ocean_post_title_bg_image_position":"","ocean_post_title_bg_image_attachment":"","ocean_post_title_bg_image_repeat":"","ocean_post_title_bg_image_size":"","ocean_post_title_height":0,"ocean_post_title_bg_overlay":0.5,"ocean_post_title_bg_overlay_color":"","ocean_disable_breadcrumbs":"default","ocean_breadcrumbs_color":"","ocean_breadcrumbs_separator_color":"","ocean_breadcrumbs_links_color":"","ocean_breadcrumbs_links_hover_color":"","ocean_display_footer_widgets":"default","ocean_display_footer_bottom":"default","ocean_custom_footer_template":"","ocean_post_oembed":"","ocean_post_self_hosted_media":"","ocean_post_video_embed":"","ocean_link_format":"","ocean_link_format_target":"self","ocean_quote_format":"","ocean_quote_format_link":"post","ocean_gallery_link_images":"off","ocean_gallery_id":[],"footnotes":""},"categories":[1],"tags":[],"class_list":["post-564","post","type-post","status-publish","format-standard","hentry","category-uncategorized","entry"],"yoast_head":"<!-- This site is optimized with the Yoast SEO plugin v24.9 - https:\/\/yoast.com\/wordpress\/plugins\/seo\/ -->\n<title>Actionnariat salari\u00e9 et pacte Dutreil : une proposition de loi vise \u00e0 mieux les concilier - Clarisse Amadieu-Le Claire<\/title>\n<meta name=\"robots\" content=\"index, follow, max-snippet:-1, max-image-preview:large, max-video-preview:-1\" \/>\n<link rel=\"canonical\" href=\"https:\/\/www.calc-avocat.com\/en\/actionnariat-salarie-et-pacte-dutreil-une-proposition-de-loi-vise-a-mieux-les-concilier\/\" \/>\n<meta property=\"og:locale\" content=\"en_GB\" \/>\n<meta property=\"og:type\" content=\"article\" \/>\n<meta property=\"og:title\" content=\"Actionnariat salari\u00e9 et pacte Dutreil : une proposition de loi vise \u00e0 mieux les concilier - Clarisse Amadieu-Le Claire\" \/>\n<meta property=\"og:description\" content=\"Une proposition de loi est actuellement en discussion \u00e0 l\u2019Assembl\u00e9e\u00a0Nationale, au niveau de la commission des finances, afin de permettre de mieux concilier ces deux dispositifs Dans les groupes familiaux, l\u2019acc\u00e8s des salari\u00e9s au capital de l\u2019entreprise se mat\u00e9rialise fr\u00e9quemment par l\u2019interposition d\u2019une soci\u00e9t\u00e9 holding d\u00e9di\u00e9e. L\u2019objectif est notamment de faciliter la gouvernance et de [&hellip;]\" \/>\n<meta property=\"og:url\" content=\"https:\/\/www.calc-avocat.com\/en\/actionnariat-salarie-et-pacte-dutreil-une-proposition-de-loi-vise-a-mieux-les-concilier\/\" \/>\n<meta property=\"og:site_name\" content=\"Clarisse Amadieu-Le Claire\" \/>\n<meta property=\"article:published_time\" content=\"2022-02-11T18:25:27+00:00\" \/>\n<meta property=\"article:modified_time\" content=\"2022-02-11T18:30:11+00:00\" \/>\n<meta name=\"author\" content=\"Clarisse Amadieu-Le Claire\" \/>\n<meta name=\"twitter:card\" content=\"summary_large_image\" \/>\n<meta name=\"twitter:label1\" content=\"Written by\" \/>\n\t<meta name=\"twitter:data1\" content=\"Clarisse Amadieu-Le Claire\" \/>\n\t<meta name=\"twitter:label2\" content=\"Estimated reading time\" \/>\n\t<meta name=\"twitter:data2\" content=\"2 minutes\" \/>\n<script type=\"application\/ld+json\" class=\"yoast-schema-graph\">{\"@context\":\"https:\/\/schema.org\",\"@graph\":[{\"@type\":\"Article\",\"@id\":\"https:\/\/www.calc-avocat.com\/actionnariat-salarie-et-pacte-dutreil-une-proposition-de-loi-vise-a-mieux-les-concilier\/#article\",\"isPartOf\":{\"@id\":\"https:\/\/www.calc-avocat.com\/actionnariat-salarie-et-pacte-dutreil-une-proposition-de-loi-vise-a-mieux-les-concilier\/\"},\"author\":{\"name\":\"Clarisse Amadieu-Le Claire\",\"@id\":\"https:\/\/www.calc-avocat.com\/#\/schema\/person\/c93c82e531e25602532a18336b0ca991\"},\"headline\":\"Actionnariat salari\u00e9 et pacte Dutreil : une proposition de loi vise \u00e0 mieux les concilier\",\"datePublished\":\"2022-02-11T18:25:27+00:00\",\"dateModified\":\"2022-02-11T18:30:11+00:00\",\"mainEntityOfPage\":{\"@id\":\"https:\/\/www.calc-avocat.com\/actionnariat-salarie-et-pacte-dutreil-une-proposition-de-loi-vise-a-mieux-les-concilier\/\"},\"wordCount\":331,\"publisher\":{\"@id\":\"https:\/\/www.calc-avocat.com\/#organization\"},\"articleSection\":[\"Uncategorized\"],\"inLanguage\":\"en-GB\"},{\"@type\":\"WebPage\",\"@id\":\"https:\/\/www.calc-avocat.com\/actionnariat-salarie-et-pacte-dutreil-une-proposition-de-loi-vise-a-mieux-les-concilier\/\",\"url\":\"https:\/\/www.calc-avocat.com\/actionnariat-salarie-et-pacte-dutreil-une-proposition-de-loi-vise-a-mieux-les-concilier\/\",\"name\":\"Actionnariat salari\u00e9 et pacte Dutreil : une proposition de loi vise \u00e0 mieux les concilier - Clarisse Amadieu-Le Claire\",\"isPartOf\":{\"@id\":\"https:\/\/www.calc-avocat.com\/#website\"},\"datePublished\":\"2022-02-11T18:25:27+00:00\",\"dateModified\":\"2022-02-11T18:30:11+00:00\",\"breadcrumb\":{\"@id\":\"https:\/\/www.calc-avocat.com\/actionnariat-salarie-et-pacte-dutreil-une-proposition-de-loi-vise-a-mieux-les-concilier\/#breadcrumb\"},\"inLanguage\":\"en-GB\",\"potentialAction\":[{\"@type\":\"ReadAction\",\"target\":[\"https:\/\/www.calc-avocat.com\/actionnariat-salarie-et-pacte-dutreil-une-proposition-de-loi-vise-a-mieux-les-concilier\/\"]}]},{\"@type\":\"BreadcrumbList\",\"@id\":\"https:\/\/www.calc-avocat.com\/actionnariat-salarie-et-pacte-dutreil-une-proposition-de-loi-vise-a-mieux-les-concilier\/#breadcrumb\",\"itemListElement\":[{\"@type\":\"ListItem\",\"position\":1,\"name\":\"Accueil\",\"item\":\"https:\/\/www.calc-avocat.com\/\"},{\"@type\":\"ListItem\",\"position\":2,\"name\":\"Actionnariat salari\u00e9 et pacte Dutreil : une proposition de loi vise \u00e0 mieux les concilier\"}]},{\"@type\":\"WebSite\",\"@id\":\"https:\/\/www.calc-avocat.com\/#website\",\"url\":\"https:\/\/www.calc-avocat.com\/\",\"name\":\"Clarisse Amadieu-Le Claire\",\"description\":\"Avocat au Barreau de Paris\",\"publisher\":{\"@id\":\"https:\/\/www.calc-avocat.com\/#organization\"},\"potentialAction\":[{\"@type\":\"SearchAction\",\"target\":{\"@type\":\"EntryPoint\",\"urlTemplate\":\"https:\/\/www.calc-avocat.com\/?s={search_term_string}\"},\"query-input\":{\"@type\":\"PropertyValueSpecification\",\"valueRequired\":true,\"valueName\":\"search_term_string\"}}],\"inLanguage\":\"en-GB\"},{\"@type\":\"Organization\",\"@id\":\"https:\/\/www.calc-avocat.com\/#organization\",\"name\":\"Clarisse Amadieu-Le Claire Soci\u00e9t\u00e9 d\u2019Avocat\",\"url\":\"https:\/\/www.calc-avocat.com\/\",\"logo\":{\"@type\":\"ImageObject\",\"inLanguage\":\"en-GB\",\"@id\":\"https:\/\/www.calc-avocat.com\/#\/schema\/logo\/image\/\",\"url\":\"https:\/\/www.calc-avocat.com\/wp-content\/uploads\/2020\/02\/logoCALCv2.jpg\",\"contentUrl\":\"https:\/\/www.calc-avocat.com\/wp-content\/uploads\/2020\/02\/logoCALCv2.jpg\",\"width\":339,\"height\":339,\"caption\":\"Clarisse Amadieu-Le Claire Soci\u00e9t\u00e9 d\u2019Avocat\"},\"image\":{\"@id\":\"https:\/\/www.calc-avocat.com\/#\/schema\/logo\/image\/\"},\"sameAs\":[\"https:\/\/www.linkedin.com\/in\/clarisse-amadieu-le-claire-b0747116\/\"]},{\"@type\":\"Person\",\"@id\":\"https:\/\/www.calc-avocat.com\/#\/schema\/person\/c93c82e531e25602532a18336b0ca991\",\"name\":\"Clarisse Amadieu-Le Claire\",\"sameAs\":[\"https:\/\/www.calc-avocat.com\"],\"url\":\"https:\/\/www.calc-avocat.com\/en\/author\/calc\/\"}]}<\/script>\n<!-- \/ Yoast SEO plugin. -->","yoast_head_json":{"title":"Actionnariat salari\u00e9 et pacte Dutreil : une proposition de loi vise \u00e0 mieux les concilier - Clarisse Amadieu-Le Claire","robots":{"index":"index","follow":"follow","max-snippet":"max-snippet:-1","max-image-preview":"max-image-preview:large","max-video-preview":"max-video-preview:-1"},"canonical":"https:\/\/www.calc-avocat.com\/en\/actionnariat-salarie-et-pacte-dutreil-une-proposition-de-loi-vise-a-mieux-les-concilier\/","og_locale":"en_GB","og_type":"article","og_title":"Actionnariat salari\u00e9 et pacte Dutreil : une proposition de loi vise \u00e0 mieux les concilier - Clarisse Amadieu-Le Claire","og_description":"Une proposition de loi est actuellement en discussion \u00e0 l\u2019Assembl\u00e9e\u00a0Nationale, au niveau de la commission des finances, afin de permettre de mieux concilier ces deux dispositifs Dans les groupes familiaux, l\u2019acc\u00e8s des salari\u00e9s au capital de l\u2019entreprise se mat\u00e9rialise fr\u00e9quemment par l\u2019interposition d\u2019une soci\u00e9t\u00e9 holding d\u00e9di\u00e9e. L\u2019objectif est notamment de faciliter la gouvernance et de [&hellip;]","og_url":"https:\/\/www.calc-avocat.com\/en\/actionnariat-salarie-et-pacte-dutreil-une-proposition-de-loi-vise-a-mieux-les-concilier\/","og_site_name":"Clarisse Amadieu-Le Claire","article_published_time":"2022-02-11T18:25:27+00:00","article_modified_time":"2022-02-11T18:30:11+00:00","author":"Clarisse Amadieu-Le Claire","twitter_card":"summary_large_image","twitter_misc":{"Written by":"Clarisse Amadieu-Le Claire","Estimated reading time":"2 minutes"},"schema":{"@context":"https:\/\/schema.org","@graph":[{"@type":"Article","@id":"https:\/\/www.calc-avocat.com\/actionnariat-salarie-et-pacte-dutreil-une-proposition-de-loi-vise-a-mieux-les-concilier\/#article","isPartOf":{"@id":"https:\/\/www.calc-avocat.com\/actionnariat-salarie-et-pacte-dutreil-une-proposition-de-loi-vise-a-mieux-les-concilier\/"},"author":{"name":"Clarisse Amadieu-Le Claire","@id":"https:\/\/www.calc-avocat.com\/#\/schema\/person\/c93c82e531e25602532a18336b0ca991"},"headline":"Actionnariat salari\u00e9 et pacte Dutreil : une proposition de loi vise \u00e0 mieux les concilier","datePublished":"2022-02-11T18:25:27+00:00","dateModified":"2022-02-11T18:30:11+00:00","mainEntityOfPage":{"@id":"https:\/\/www.calc-avocat.com\/actionnariat-salarie-et-pacte-dutreil-une-proposition-de-loi-vise-a-mieux-les-concilier\/"},"wordCount":331,"publisher":{"@id":"https:\/\/www.calc-avocat.com\/#organization"},"articleSection":["Uncategorized"],"inLanguage":"en-GB"},{"@type":"WebPage","@id":"https:\/\/www.calc-avocat.com\/actionnariat-salarie-et-pacte-dutreil-une-proposition-de-loi-vise-a-mieux-les-concilier\/","url":"https:\/\/www.calc-avocat.com\/actionnariat-salarie-et-pacte-dutreil-une-proposition-de-loi-vise-a-mieux-les-concilier\/","name":"Actionnariat salari\u00e9 et pacte Dutreil : une proposition de loi vise \u00e0 mieux les concilier - Clarisse Amadieu-Le Claire","isPartOf":{"@id":"https:\/\/www.calc-avocat.com\/#website"},"datePublished":"2022-02-11T18:25:27+00:00","dateModified":"2022-02-11T18:30:11+00:00","breadcrumb":{"@id":"https:\/\/www.calc-avocat.com\/actionnariat-salarie-et-pacte-dutreil-une-proposition-de-loi-vise-a-mieux-les-concilier\/#breadcrumb"},"inLanguage":"en-GB","potentialAction":[{"@type":"ReadAction","target":["https:\/\/www.calc-avocat.com\/actionnariat-salarie-et-pacte-dutreil-une-proposition-de-loi-vise-a-mieux-les-concilier\/"]}]},{"@type":"BreadcrumbList","@id":"https:\/\/www.calc-avocat.com\/actionnariat-salarie-et-pacte-dutreil-une-proposition-de-loi-vise-a-mieux-les-concilier\/#breadcrumb","itemListElement":[{"@type":"ListItem","position":1,"name":"Accueil","item":"https:\/\/www.calc-avocat.com\/"},{"@type":"ListItem","position":2,"name":"Actionnariat salari\u00e9 et pacte Dutreil : une proposition de loi vise \u00e0 mieux les concilier"}]},{"@type":"WebSite","@id":"https:\/\/www.calc-avocat.com\/#website","url":"https:\/\/www.calc-avocat.com\/","name":"Clarisse Amadieu-Le Claire","description":"Avocat au Barreau de Paris","publisher":{"@id":"https:\/\/www.calc-avocat.com\/#organization"},"potentialAction":[{"@type":"SearchAction","target":{"@type":"EntryPoint","urlTemplate":"https:\/\/www.calc-avocat.com\/?s={search_term_string}"},"query-input":{"@type":"PropertyValueSpecification","valueRequired":true,"valueName":"search_term_string"}}],"inLanguage":"en-GB"},{"@type":"Organization","@id":"https:\/\/www.calc-avocat.com\/#organization","name":"Clarisse Amadieu-Le Claire Soci\u00e9t\u00e9 d\u2019Avocat","url":"https:\/\/www.calc-avocat.com\/","logo":{"@type":"ImageObject","inLanguage":"en-GB","@id":"https:\/\/www.calc-avocat.com\/#\/schema\/logo\/image\/","url":"https:\/\/www.calc-avocat.com\/wp-content\/uploads\/2020\/02\/logoCALCv2.jpg","contentUrl":"https:\/\/www.calc-avocat.com\/wp-content\/uploads\/2020\/02\/logoCALCv2.jpg","width":339,"height":339,"caption":"Clarisse Amadieu-Le Claire Soci\u00e9t\u00e9 d\u2019Avocat"},"image":{"@id":"https:\/\/www.calc-avocat.com\/#\/schema\/logo\/image\/"},"sameAs":["https:\/\/www.linkedin.com\/in\/clarisse-amadieu-le-claire-b0747116\/"]},{"@type":"Person","@id":"https:\/\/www.calc-avocat.com\/#\/schema\/person\/c93c82e531e25602532a18336b0ca991","name":"Clarisse Amadieu-Le Claire","sameAs":["https:\/\/www.calc-avocat.com"],"url":"https:\/\/www.calc-avocat.com\/en\/author\/calc\/"}]}},"_links":{"self":[{"href":"https:\/\/www.calc-avocat.com\/en\/wp-json\/wp\/v2\/posts\/564","targetHints":{"allow":["GET"]}}],"collection":[{"href":"https:\/\/www.calc-avocat.com\/en\/wp-json\/wp\/v2\/posts"}],"about":[{"href":"https:\/\/www.calc-avocat.com\/en\/wp-json\/wp\/v2\/types\/post"}],"author":[{"embeddable":true,"href":"https:\/\/www.calc-avocat.com\/en\/wp-json\/wp\/v2\/users\/3"}],"replies":[{"embeddable":true,"href":"https:\/\/www.calc-avocat.com\/en\/wp-json\/wp\/v2\/comments?post=564"}],"version-history":[{"count":7,"href":"https:\/\/www.calc-avocat.com\/en\/wp-json\/wp\/v2\/posts\/564\/revisions"}],"predecessor-version":[{"id":572,"href":"https:\/\/www.calc-avocat.com\/en\/wp-json\/wp\/v2\/posts\/564\/revisions\/572"}],"wp:attachment":[{"href":"https:\/\/www.calc-avocat.com\/en\/wp-json\/wp\/v2\/media?parent=564"}],"wp:term":[{"taxonomy":"category","embeddable":true,"href":"https:\/\/www.calc-avocat.com\/en\/wp-json\/wp\/v2\/categories?post=564"},{"taxonomy":"post_tag","embeddable":true,"href":"https:\/\/www.calc-avocat.com\/en\/wp-json\/wp\/v2\/tags?post=564"}],"curies":[{"name":"wp","href":"https:\/\/api.w.org\/{rel}","templated":true}]}}