{"id":412,"date":"2020-03-17T17:08:00","date_gmt":"2020-03-17T17:08:00","guid":{"rendered":"https:\/\/www.calc-avocat.com\/?p=412"},"modified":"2021-10-11T09:15:30","modified_gmt":"2021-10-11T09:15:30","slug":"covid-19-mesures-fiscales","status":"publish","type":"post","link":"https:\/\/www.calc-avocat.com\/en\/covid-19-mesures-fiscales\/","title":{"rendered":"Covid-19 : quelques exemples de probl\u00e9matiques fiscales annexes"},"content":{"rendered":"<div data-elementor-type=\"wp-post\" data-elementor-id=\"412\" class=\"elementor elementor-412\">\n\t\t\t\t\t\t<section class=\"elementor-section elementor-top-section elementor-element elementor-element-7bae027c elementor-section-boxed elementor-section-height-default elementor-section-height-default\" data-id=\"7bae027c\" data-element_type=\"section\">\n\t\t\t\t\t\t<div class=\"elementor-container elementor-column-gap-default\">\n\t\t\t\t\t<div class=\"elementor-column elementor-col-100 elementor-top-column elementor-element elementor-element-e13c52d\" data-id=\"e13c52d\" data-element_type=\"column\">\n\t\t\t<div class=\"elementor-widget-wrap elementor-element-populated\">\n\t\t\t\t\t\t<div class=\"elementor-element elementor-element-4a05e686 elementor-widget elementor-widget-text-editor\" data-id=\"4a05e686\" data-element_type=\"widget\" data-widget_type=\"text-editor.default\">\n\t\t\t\t<div class=\"elementor-widget-container\">\n\t\t\t\t\t\t\t\t\t<p><\/p>\n<p style=\"text-align: justify;\"><b>En raison de la crise sanitaire, Bruno LEMAIRE le 21 f\u00e9vrier puis Emmanuel Macron le 13 mars ont annonc\u00e9 la mise en place d\u2019un certain nombre de mesures destin\u00e9es \u00e0 permettre aux entreprises de faire face \u00e0 des difficult\u00e9s financi\u00e8res plus ou moins temporaires. Elles laissent toutefois subsister un certain nombre de questions en ce qui concerne les d\u00e9faillances pr\u00e9visibles de leurs clients ou partenaires commerciaux, ou le cas \u00e9ch\u00e9ant de leurs filiales fran\u00e7aises ou \u00e9trang\u00e8res.<\/b><\/p>\n<p><\/p>\n<p style=\"text-align: justify;\">En premier lieu, il n\u2019est pas inutile de rappeler en quoi consistent les mesures d\u2019accompagnement annonc\u00e9es par le gouvernement.<\/p>\n<p><\/p>\n<p style=\"text-align: justify;\">Les entreprises quelle que soit leur taille pourront demander un report de leurs \u00e9ch\u00e9ances fiscales en mati\u00e8re d\u2019imp\u00f4t direct exclusivement, par simple email et sans justificatif, pour une dur\u00e9e maximum de trois mois.<\/p>\n<p><\/p>\n<p style=\"text-align: justify;\">Les services fiscaux sont \u00e9galement appel\u00e9s \u00e0 renoncer \u00e0 appliquer les p\u00e9nalit\u00e9s et int\u00e9r\u00eats de retard en cas de d\u00e9claration tardive, voir \u00e9ventuellement \u00e0 consentir au cas par cas \u00e0 des remises d\u2019imp\u00f4t direct, lorsque les difficult\u00e9s ne peuvent \u00eatre surmont\u00e9es par un simple report.<\/p>\n<p><\/p>\n<p style=\"text-align: justify;\">En ce qui concerne les contr\u00f4les fiscaux, aucune nouvelle v\u00e9rification ne devrait \u00eatre initi\u00e9e, ni aucun acte de proc\u00e9dure effectu\u00e9, tel que l\u2019envoi d\u2019une notification ou d\u2019un avis de mise en recouvrement, pour une dur\u00e9e pr\u00e9cis\u00e9e, et sous r\u00e9serve des contraintes r\u00e9sultant des d\u00e9lais l\u00e9gaux. Il n\u2019est probablement pas inutile toutefois d\u2019\u00e9changer avec le v\u00e9rificateur \u00e0 ce sujet.<\/p>\n<p><\/p>\n<p style=\"text-align: justify;\">Par ailleurs, celui-ci est susceptible d\u2019adresser par mail \u00e0 l\u2019entreprise des demandes de documents ou d\u2019entretien t\u00e9l\u00e9phonique mais il est alors possible de lui r\u00e9pondre que celle-ci ne peut y donner suite.<\/p>\n<p><\/p>\n<p style=\"text-align: justify;\">Ces ouvertures sont appr\u00e9ciables mais notre exp\u00e9rience des crises pr\u00e9c\u00e9dentes, au premier rang desquelles celle des Gilets Jaunes, nous permettent de penser que des divergences de positions pourraient exister quant \u00e0 l\u2019\u00e9valuation des difficult\u00e9s rencontr\u00e9es par l\u2019entreprise.<\/p>\n<p><\/p>\n<p style=\"text-align: justify;\">Par ailleurs, en ce qui concerne les probl\u00e9matiques soulev\u00e9es par la d\u00e9faillance des co-contractants, on peut tout d\u2019abord s\u2019arr\u00eater sur la recommandation du gouvernement de s\u2019acquitter du prix de prestations qui n\u2019ont pu \u00eatre rendues du fait des mesures sanitaires mises en place, ou de difficult\u00e9s propres \u00e0 l\u2019entreprise, au titre du devoir de solidarit\u00e9.<\/p>\n<p><\/p>\n<p style=\"text-align: justify;\">En effet, la solidarit\u00e9 n\u2019est pas une valeur tr\u00e8s appr\u00e9ci\u00e9e du droit fiscal. Ainsi, les conditions contractuelles pr\u00e9voient g\u00e9n\u00e9ralement que l\u2019absence de r\u00e9alisation de la prestation est une circonstance justifiant le non-paiement du prix. Pour \u00e9viter que la d\u00e9duction de la charge soit refus\u00e9e par un v\u00e9rificateur sur le fondement de l\u2019acte anormal de gestion, il faudra alors d\u00e9montrer que cette bienveillance r\u00e9pondait \u00e0 l\u2019int\u00e9r\u00eat de l\u2019entreprise en pr\u00e9servant par exemple ses relations commerciales avec un partenaire significatif.<\/p>\n<p><\/p>\n<p style=\"text-align: justify;\">En second lieu, la question se pose des conditions dans lesquelles les entreprises pourront d\u00e9duire fiscalement les provisions pour cr\u00e9ances douteuses sur des clients eux-m\u00eames en grande difficult\u00e9, et surtout au titre de quel exercice.<\/p>\n<p><\/p>\n<p style=\"text-align: justify;\">Sur le principe m\u00eame de la d\u00e9duction, il n\u2019est pas inutile de rappeler que si le risque de non recouvrement doit \u00eatre probable, la jurisprudence et en principe l\u2019administration fiscale n\u2019exigent pas que des poursuites aient \u00e9t\u00e9 initi\u00e9es pour permettre la d\u00e9duction de la provision, ni a fortiori que la soci\u00e9t\u00e9 soit en \u00e9tat de cessation des paiements. En revanche, l\u2019administration a \u00e9galement pr\u00e9cis\u00e9 que la perspective d\u2019une crise \u00e9conomique donnant \u00e0 penser que certains clients pourront peut-\u00eatre \u00e9prouver des difficult\u00e9s pour s\u2019acquitter de leur dette ne saurait justifier de la constitution d\u2019une provision pour cr\u00e9ances douteuses. Il nous para\u00eet donc de bonne pratique de recommander aux entreprises de faire formaliser par leurs clients les difficult\u00e9s rencontr\u00e9es.<\/p>\n<p><\/p>\n<p style=\"text-align: justify;\">Sur l\u2019exercice de constitution de la provision, un certain nombre d\u2019entreprises n\u2019ont pas encore arr\u00eat\u00e9 leurs comptes et le droit comptable leur impose a priori de comptabiliser dans les comptes de l\u2019exercice 2019, les cons\u00e9quences des \u00e9v\u00e8nements post-cl\u00f4ture. Or, le droit fiscal ne suit pas la m\u00eame logique. Compte-tenu de la situation sanitaire au 31 d\u00e9cembre 2019, rappelons que le virus est apparu en Chine principalement au cours de ce m\u00eame mois de d\u00e9cembre, les provisions constat\u00e9es en comptabilit\u00e9 au titre de 2019 risquent fort de ne pas \u00eatre d\u00e9ductibles.<\/p>\n<p><\/p>\n<p style=\"text-align: justify;\">En ce qui concerne les difficult\u00e9s rencontr\u00e9es par les filiales, la d\u00e9duction des aides qui leur seront consenties suppose qu\u2019elles soient principalement motiv\u00e9es par un int\u00e9r\u00eat commercial direct, ou que la filiale fasse l\u2019objet d\u2019une proc\u00e9dure de sauvegarde, de redressement, de conciliation ou de liquidation. Ainsi, le simple fait qu\u2019une filiale constitue une source de d\u00e9bouch\u00e9s, m\u00eame importante, pour une de ses s\u0153urs n\u2019entra\u00eenera pas ipso facto la possibilit\u00e9 pour la soci\u00e9t\u00e9 m\u00e8re de d\u00e9duire l\u2019aide financi\u00e8re consentie. Ces commentaires pessimistes sont toutefois att\u00e9nu\u00e9s par la d\u00e9cision du conseil d\u2019\u00e9tat du 7 f\u00e9vrier 2018 dont il ressort que des services rendus par une holding, par hypoth\u00e8se animatrice, peuvent constituer un int\u00e9r\u00eat commercial.<\/p>\n<p><\/p>\n<p style=\"text-align: justify;\">En conclusion, m\u00eame si le gouvernement appara\u00eet comme sinc\u00e8re, et d\u2019ailleurs aurait-il d\u2019autre choix, dans sa volont\u00e9 d\u2019aider fiscalement les entreprises dans ce contexte de crise sanitaire, il serait souhaitable que des consignes claires de bienveillance soient donn\u00e9es \u00e0 terme aux services v\u00e9rificateurs.<\/p>\n<p><\/p>\t\t\t\t\t\t\t\t<\/div>\n\t\t\t\t<\/div>\n\t\t\t\t\t<\/div>\n\t\t<\/div>\n\t\t\t\t\t<\/div>\n\t\t<\/section>\n\t\t\t\t<\/div>","protected":false},"excerpt":{"rendered":"<p>En raison de la crise sanitaire, Bruno LEMAIRE le 21 f\u00e9vrier puis Emmanuel Macron le 13 mars ont annonc\u00e9 la mise en place d\u2019un certain nombre de mesures destin\u00e9es \u00e0 permettre aux entreprises de faire face \u00e0 des difficult\u00e9s financi\u00e8res plus ou moins temporaires. Elles laissent toutefois subsister un certain nombre de questions en ce [&hellip;]<\/p>","protected":false},"author":3,"featured_media":0,"comment_status":"closed","ping_status":"closed","sticky":false,"template":"","format":"standard","meta":{"ocean_post_layout":"","ocean_both_sidebars_style":"","ocean_both_sidebars_content_width":0,"ocean_both_sidebars_sidebars_width":0,"ocean_sidebar":"0","ocean_second_sidebar":"0","ocean_disable_margins":"enable","ocean_add_body_class":"","ocean_shortcode_before_top_bar":"","ocean_shortcode_after_top_bar":"","ocean_shortcode_before_header":"","ocean_shortcode_after_header":"","ocean_has_shortcode":"","ocean_shortcode_after_title":"","ocean_shortcode_before_footer_widgets":"","ocean_shortcode_after_footer_widgets":"","ocean_shortcode_before_footer_bottom":"","ocean_shortcode_after_footer_bottom":"","ocean_display_top_bar":"default","ocean_display_header":"default","ocean_header_style":"","ocean_center_header_left_menu":"0","ocean_custom_header_template":"0","ocean_custom_logo":0,"ocean_custom_retina_logo":0,"ocean_custom_logo_max_width":0,"ocean_custom_logo_tablet_max_width":0,"ocean_custom_logo_mobile_max_width":0,"ocean_custom_logo_max_height":0,"ocean_custom_logo_tablet_max_height":0,"ocean_custom_logo_mobile_max_height":0,"ocean_header_custom_menu":"0","ocean_menu_typo_font_family":"0","ocean_menu_typo_font_subset":"","ocean_menu_typo_font_size":0,"ocean_menu_typo_font_size_tablet":0,"ocean_menu_typo_font_size_mobile":0,"ocean_menu_typo_font_size_unit":"px","ocean_menu_typo_font_weight":"","ocean_menu_typo_font_weight_tablet":"","ocean_menu_typo_font_weight_mobile":"","ocean_menu_typo_transform":"","ocean_menu_typo_transform_tablet":"","ocean_menu_typo_transform_mobile":"","ocean_menu_typo_line_height":0,"ocean_menu_typo_line_height_tablet":0,"ocean_menu_typo_line_height_mobile":0,"ocean_menu_typo_line_height_unit":"","ocean_menu_typo_spacing":0,"ocean_menu_typo_spacing_tablet":0,"ocean_menu_typo_spacing_mobile":0,"ocean_menu_typo_spacing_unit":"","ocean_menu_link_color":"","ocean_menu_link_color_hover":"","ocean_menu_link_color_active":"","ocean_menu_link_background":"","ocean_menu_link_hover_background":"","ocean_menu_link_active_background":"","ocean_menu_social_links_bg":"","ocean_menu_social_hover_links_bg":"","ocean_menu_social_links_color":"","ocean_menu_social_hover_links_color":"","ocean_disable_title":"on","ocean_disable_heading":"default","ocean_post_title":"","ocean_post_subheading":"","ocean_post_title_style":"","ocean_post_title_background_color":"","ocean_post_title_background":0,"ocean_post_title_bg_image_position":"","ocean_post_title_bg_image_attachment":"","ocean_post_title_bg_image_repeat":"","ocean_post_title_bg_image_size":"","ocean_post_title_height":0,"ocean_post_title_bg_overlay":0.5,"ocean_post_title_bg_overlay_color":"","ocean_disable_breadcrumbs":"default","ocean_breadcrumbs_color":"","ocean_breadcrumbs_separator_color":"","ocean_breadcrumbs_links_color":"","ocean_breadcrumbs_links_hover_color":"","ocean_display_footer_widgets":"default","ocean_display_footer_bottom":"default","ocean_custom_footer_template":"0","ocean_post_oembed":"","ocean_post_self_hosted_media":"","ocean_post_video_embed":"","ocean_link_format":"","ocean_link_format_target":"self","ocean_quote_format":"","ocean_quote_format_link":"post","ocean_gallery_link_images":"off","ocean_gallery_id":[],"footnotes":""},"categories":[1],"tags":[],"class_list":["post-412","post","type-post","status-publish","format-standard","hentry","category-uncategorized","entry"],"yoast_head":"<!-- This site is optimized with the Yoast SEO plugin v24.9 - https:\/\/yoast.com\/wordpress\/plugins\/seo\/ -->\n<title>Covid-19 : quelques exemples de probl\u00e9matiques fiscales annexes<\/title>\n<meta name=\"description\" content=\"D\u00e9couvrez les probl\u00e9matiques fiscales annexes suite aux mesures annonc\u00e9es par Bruno Lemaire et Emmanuel Macron en raison de la crise sanitaire covid-19.\" \/>\n<meta name=\"robots\" content=\"index, follow, max-snippet:-1, max-image-preview:large, max-video-preview:-1\" \/>\n<link rel=\"canonical\" href=\"https:\/\/www.calc-avocat.com\/en\/covid-19-mesures-fiscales\/\" \/>\n<meta property=\"og:locale\" content=\"en_GB\" \/>\n<meta property=\"og:type\" content=\"article\" \/>\n<meta property=\"og:title\" content=\"Covid-19 : quelques exemples de probl\u00e9matiques fiscales annexes\" \/>\n<meta property=\"og:description\" content=\"D\u00e9couvrez les probl\u00e9matiques fiscales annexes suite aux mesures annonc\u00e9es par Bruno Lemaire et Emmanuel Macron en raison de la crise sanitaire covid-19.\" \/>\n<meta property=\"og:url\" content=\"https:\/\/www.calc-avocat.com\/en\/covid-19-mesures-fiscales\/\" \/>\n<meta property=\"og:site_name\" content=\"Clarisse Amadieu-Le Claire\" \/>\n<meta property=\"article:published_time\" content=\"2020-03-17T17:08:00+00:00\" \/>\n<meta property=\"article:modified_time\" content=\"2021-10-11T09:15:30+00:00\" \/>\n<meta name=\"author\" content=\"Clarisse Amadieu-Le Claire\" \/>\n<meta name=\"twitter:card\" content=\"summary_large_image\" \/>\n<meta name=\"twitter:label1\" content=\"Written by\" \/>\n\t<meta name=\"twitter:data1\" content=\"Clarisse Amadieu-Le Claire\" \/>\n\t<meta name=\"twitter:label2\" content=\"Estimated reading time\" \/>\n\t<meta name=\"twitter:data2\" content=\"5 minutes\" \/>\n<script type=\"application\/ld+json\" class=\"yoast-schema-graph\">{\"@context\":\"https:\/\/schema.org\",\"@graph\":[{\"@type\":\"Article\",\"@id\":\"https:\/\/www.calc-avocat.com\/en\/covid-19-mesures-fiscales\/#article\",\"isPartOf\":{\"@id\":\"https:\/\/www.calc-avocat.com\/en\/covid-19-mesures-fiscales\/\"},\"author\":{\"name\":\"Clarisse Amadieu-Le Claire\",\"@id\":\"https:\/\/www.calc-avocat.com\/#\/schema\/person\/c93c82e531e25602532a18336b0ca991\"},\"headline\":\"Covid-19 : quelques exemples de probl\u00e9matiques fiscales annexes\",\"datePublished\":\"2020-03-17T17:08:00+00:00\",\"dateModified\":\"2021-10-11T09:15:30+00:00\",\"mainEntityOfPage\":{\"@id\":\"https:\/\/www.calc-avocat.com\/en\/covid-19-mesures-fiscales\/\"},\"wordCount\":980,\"publisher\":{\"@id\":\"https:\/\/www.calc-avocat.com\/#organization\"},\"articleSection\":[\"Uncategorized\"],\"inLanguage\":\"en-GB\"},{\"@type\":\"WebPage\",\"@id\":\"https:\/\/www.calc-avocat.com\/en\/covid-19-mesures-fiscales\/\",\"url\":\"https:\/\/www.calc-avocat.com\/en\/covid-19-mesures-fiscales\/\",\"name\":\"Covid-19 : quelques exemples de probl\u00e9matiques fiscales annexes\",\"isPartOf\":{\"@id\":\"https:\/\/www.calc-avocat.com\/#website\"},\"datePublished\":\"2020-03-17T17:08:00+00:00\",\"dateModified\":\"2021-10-11T09:15:30+00:00\",\"description\":\"D\u00e9couvrez les probl\u00e9matiques fiscales annexes suite aux mesures annonc\u00e9es par Bruno Lemaire et Emmanuel Macron en raison de la crise sanitaire covid-19.\",\"breadcrumb\":{\"@id\":\"https:\/\/www.calc-avocat.com\/en\/covid-19-mesures-fiscales\/#breadcrumb\"},\"inLanguage\":\"en-GB\",\"potentialAction\":[{\"@type\":\"ReadAction\",\"target\":[\"https:\/\/www.calc-avocat.com\/en\/covid-19-mesures-fiscales\/\"]}]},{\"@type\":\"BreadcrumbList\",\"@id\":\"https:\/\/www.calc-avocat.com\/en\/covid-19-mesures-fiscales\/#breadcrumb\",\"itemListElement\":[{\"@type\":\"ListItem\",\"position\":1,\"name\":\"Accueil\",\"item\":\"https:\/\/www.calc-avocat.com\/\"},{\"@type\":\"ListItem\",\"position\":2,\"name\":\"Covid-19 : quelques exemples de probl\u00e9matiques fiscales annexes\"}]},{\"@type\":\"WebSite\",\"@id\":\"https:\/\/www.calc-avocat.com\/#website\",\"url\":\"https:\/\/www.calc-avocat.com\/\",\"name\":\"Clarisse Amadieu-Le Claire\",\"description\":\"Avocat au Barreau de Paris\",\"publisher\":{\"@id\":\"https:\/\/www.calc-avocat.com\/#organization\"},\"potentialAction\":[{\"@type\":\"SearchAction\",\"target\":{\"@type\":\"EntryPoint\",\"urlTemplate\":\"https:\/\/www.calc-avocat.com\/?s={search_term_string}\"},\"query-input\":{\"@type\":\"PropertyValueSpecification\",\"valueRequired\":true,\"valueName\":\"search_term_string\"}}],\"inLanguage\":\"en-GB\"},{\"@type\":\"Organization\",\"@id\":\"https:\/\/www.calc-avocat.com\/#organization\",\"name\":\"Clarisse Amadieu-Le Claire Soci\u00e9t\u00e9 d\u2019Avocat\",\"url\":\"https:\/\/www.calc-avocat.com\/\",\"logo\":{\"@type\":\"ImageObject\",\"inLanguage\":\"en-GB\",\"@id\":\"https:\/\/www.calc-avocat.com\/#\/schema\/logo\/image\/\",\"url\":\"https:\/\/www.calc-avocat.com\/wp-content\/uploads\/2020\/02\/logoCALCv2.jpg\",\"contentUrl\":\"https:\/\/www.calc-avocat.com\/wp-content\/uploads\/2020\/02\/logoCALCv2.jpg\",\"width\":339,\"height\":339,\"caption\":\"Clarisse Amadieu-Le Claire Soci\u00e9t\u00e9 d\u2019Avocat\"},\"image\":{\"@id\":\"https:\/\/www.calc-avocat.com\/#\/schema\/logo\/image\/\"},\"sameAs\":[\"https:\/\/www.linkedin.com\/in\/clarisse-amadieu-le-claire-b0747116\/\"]},{\"@type\":\"Person\",\"@id\":\"https:\/\/www.calc-avocat.com\/#\/schema\/person\/c93c82e531e25602532a18336b0ca991\",\"name\":\"Clarisse Amadieu-Le Claire\",\"sameAs\":[\"https:\/\/www.calc-avocat.com\"],\"url\":\"https:\/\/www.calc-avocat.com\/en\/author\/calc\/\"}]}<\/script>\n<!-- \/ Yoast SEO plugin. -->","yoast_head_json":{"title":"Covid-19 : quelques exemples de probl\u00e9matiques fiscales annexes","description":"D\u00e9couvrez les probl\u00e9matiques fiscales annexes suite aux mesures annonc\u00e9es par Bruno Lemaire et Emmanuel Macron en raison de la crise sanitaire covid-19.","robots":{"index":"index","follow":"follow","max-snippet":"max-snippet:-1","max-image-preview":"max-image-preview:large","max-video-preview":"max-video-preview:-1"},"canonical":"https:\/\/www.calc-avocat.com\/en\/covid-19-mesures-fiscales\/","og_locale":"en_GB","og_type":"article","og_title":"Covid-19 : quelques exemples de probl\u00e9matiques fiscales annexes","og_description":"D\u00e9couvrez les probl\u00e9matiques fiscales annexes suite aux mesures annonc\u00e9es par Bruno Lemaire et Emmanuel Macron en raison de la crise sanitaire covid-19.","og_url":"https:\/\/www.calc-avocat.com\/en\/covid-19-mesures-fiscales\/","og_site_name":"Clarisse Amadieu-Le Claire","article_published_time":"2020-03-17T17:08:00+00:00","article_modified_time":"2021-10-11T09:15:30+00:00","author":"Clarisse Amadieu-Le Claire","twitter_card":"summary_large_image","twitter_misc":{"Written by":"Clarisse Amadieu-Le Claire","Estimated reading time":"5 minutes"},"schema":{"@context":"https:\/\/schema.org","@graph":[{"@type":"Article","@id":"https:\/\/www.calc-avocat.com\/en\/covid-19-mesures-fiscales\/#article","isPartOf":{"@id":"https:\/\/www.calc-avocat.com\/en\/covid-19-mesures-fiscales\/"},"author":{"name":"Clarisse Amadieu-Le Claire","@id":"https:\/\/www.calc-avocat.com\/#\/schema\/person\/c93c82e531e25602532a18336b0ca991"},"headline":"Covid-19 : quelques exemples de probl\u00e9matiques fiscales annexes","datePublished":"2020-03-17T17:08:00+00:00","dateModified":"2021-10-11T09:15:30+00:00","mainEntityOfPage":{"@id":"https:\/\/www.calc-avocat.com\/en\/covid-19-mesures-fiscales\/"},"wordCount":980,"publisher":{"@id":"https:\/\/www.calc-avocat.com\/#organization"},"articleSection":["Uncategorized"],"inLanguage":"en-GB"},{"@type":"WebPage","@id":"https:\/\/www.calc-avocat.com\/en\/covid-19-mesures-fiscales\/","url":"https:\/\/www.calc-avocat.com\/en\/covid-19-mesures-fiscales\/","name":"Covid-19 : quelques exemples de probl\u00e9matiques fiscales annexes","isPartOf":{"@id":"https:\/\/www.calc-avocat.com\/#website"},"datePublished":"2020-03-17T17:08:00+00:00","dateModified":"2021-10-11T09:15:30+00:00","description":"D\u00e9couvrez les probl\u00e9matiques fiscales annexes suite aux mesures annonc\u00e9es par Bruno Lemaire et Emmanuel Macron en raison de la crise sanitaire covid-19.","breadcrumb":{"@id":"https:\/\/www.calc-avocat.com\/en\/covid-19-mesures-fiscales\/#breadcrumb"},"inLanguage":"en-GB","potentialAction":[{"@type":"ReadAction","target":["https:\/\/www.calc-avocat.com\/en\/covid-19-mesures-fiscales\/"]}]},{"@type":"BreadcrumbList","@id":"https:\/\/www.calc-avocat.com\/en\/covid-19-mesures-fiscales\/#breadcrumb","itemListElement":[{"@type":"ListItem","position":1,"name":"Accueil","item":"https:\/\/www.calc-avocat.com\/"},{"@type":"ListItem","position":2,"name":"Covid-19 : quelques exemples de probl\u00e9matiques fiscales annexes"}]},{"@type":"WebSite","@id":"https:\/\/www.calc-avocat.com\/#website","url":"https:\/\/www.calc-avocat.com\/","name":"Clarisse Amadieu-Le Claire","description":"Avocat au Barreau de Paris","publisher":{"@id":"https:\/\/www.calc-avocat.com\/#organization"},"potentialAction":[{"@type":"SearchAction","target":{"@type":"EntryPoint","urlTemplate":"https:\/\/www.calc-avocat.com\/?s={search_term_string}"},"query-input":{"@type":"PropertyValueSpecification","valueRequired":true,"valueName":"search_term_string"}}],"inLanguage":"en-GB"},{"@type":"Organization","@id":"https:\/\/www.calc-avocat.com\/#organization","name":"Clarisse Amadieu-Le Claire Soci\u00e9t\u00e9 d\u2019Avocat","url":"https:\/\/www.calc-avocat.com\/","logo":{"@type":"ImageObject","inLanguage":"en-GB","@id":"https:\/\/www.calc-avocat.com\/#\/schema\/logo\/image\/","url":"https:\/\/www.calc-avocat.com\/wp-content\/uploads\/2020\/02\/logoCALCv2.jpg","contentUrl":"https:\/\/www.calc-avocat.com\/wp-content\/uploads\/2020\/02\/logoCALCv2.jpg","width":339,"height":339,"caption":"Clarisse Amadieu-Le Claire Soci\u00e9t\u00e9 d\u2019Avocat"},"image":{"@id":"https:\/\/www.calc-avocat.com\/#\/schema\/logo\/image\/"},"sameAs":["https:\/\/www.linkedin.com\/in\/clarisse-amadieu-le-claire-b0747116\/"]},{"@type":"Person","@id":"https:\/\/www.calc-avocat.com\/#\/schema\/person\/c93c82e531e25602532a18336b0ca991","name":"Clarisse Amadieu-Le Claire","sameAs":["https:\/\/www.calc-avocat.com"],"url":"https:\/\/www.calc-avocat.com\/en\/author\/calc\/"}]}},"_links":{"self":[{"href":"https:\/\/www.calc-avocat.com\/en\/wp-json\/wp\/v2\/posts\/412","targetHints":{"allow":["GET"]}}],"collection":[{"href":"https:\/\/www.calc-avocat.com\/en\/wp-json\/wp\/v2\/posts"}],"about":[{"href":"https:\/\/www.calc-avocat.com\/en\/wp-json\/wp\/v2\/types\/post"}],"author":[{"embeddable":true,"href":"https:\/\/www.calc-avocat.com\/en\/wp-json\/wp\/v2\/users\/3"}],"replies":[{"embeddable":true,"href":"https:\/\/www.calc-avocat.com\/en\/wp-json\/wp\/v2\/comments?post=412"}],"version-history":[{"count":5,"href":"https:\/\/www.calc-avocat.com\/en\/wp-json\/wp\/v2\/posts\/412\/revisions"}],"predecessor-version":[{"id":417,"href":"https:\/\/www.calc-avocat.com\/en\/wp-json\/wp\/v2\/posts\/412\/revisions\/417"}],"wp:attachment":[{"href":"https:\/\/www.calc-avocat.com\/en\/wp-json\/wp\/v2\/media?parent=412"}],"wp:term":[{"taxonomy":"category","embeddable":true,"href":"https:\/\/www.calc-avocat.com\/en\/wp-json\/wp\/v2\/categories?post=412"},{"taxonomy":"post_tag","embeddable":true,"href":"https:\/\/www.calc-avocat.com\/en\/wp-json\/wp\/v2\/tags?post=412"}],"curies":[{"name":"wp","href":"https:\/\/api.w.org\/{rel}","templated":true}]}}