{"id":212,"date":"2020-02-16T18:32:28","date_gmt":"2020-02-16T18:32:28","guid":{"rendered":"https:\/\/www.calc-avocat.com\/?p=212"},"modified":"2021-10-11T09:15:35","modified_gmt":"2021-10-11T09:15:35","slug":"loi-finances-2020-entreprises","status":"publish","type":"post","link":"https:\/\/www.calc-avocat.com\/en\/loi-finances-2020-entreprises\/","title":{"rendered":"Loi de finances 2020 : quelques mesures int\u00e9ressant les entreprises"},"content":{"rendered":"<div data-elementor-type=\"wp-post\" data-elementor-id=\"212\" class=\"elementor elementor-212\">\n\t\t\t\t\t\t<section class=\"elementor-section elementor-top-section elementor-element elementor-element-b1829bc elementor-section-boxed elementor-section-height-default elementor-section-height-default\" data-id=\"b1829bc\" data-element_type=\"section\">\n\t\t\t\t\t\t<div class=\"elementor-container elementor-column-gap-default\">\n\t\t\t\t\t<div class=\"elementor-column elementor-col-100 elementor-top-column elementor-element elementor-element-1940e82\" data-id=\"1940e82\" data-element_type=\"column\">\n\t\t\t<div class=\"elementor-widget-wrap elementor-element-populated\">\n\t\t\t\t\t\t<div class=\"elementor-element elementor-element-4db8a2a elementor-widget elementor-widget-text-editor\" data-id=\"4db8a2a\" data-element_type=\"widget\" data-widget_type=\"text-editor.default\">\n\t\t\t\t<div class=\"elementor-widget-container\">\n\t\t\t\t\t\t\t\t\t<p style=\"text-align: justify;\"><u><b>Baisse de l\u2019IS repouss\u00e9e pour les entreprises dont le chiffre d\u2019affaires est au moins \u00e9gal \u00e0 250 M\u20ac.<\/b><\/u><\/p>\n<p style=\"text-align: justify;\">Pour les grandes entreprises d\u00e9finies comme indiqu\u00e9 ci-dessus, le taux de l\u2019IS ne sera finalement ramen\u00e9 qu\u2019\u00e0 31 % pour les exercices ouverts \u00e0 compter du 1er janvier 2020 pour la part du b\u00e9n\u00e9fice imposable exc\u00e9dant 500 000 \u20ac, et \u00e0 27,5% pour la totalit\u00e9 du b\u00e9n\u00e9fice imposable pour les exercices ouverts \u00e0 compter du 1er janvier 2021.<\/p>\n<p style=\"text-align: justify;\"><u><b>Des mesures sont adopt\u00e9es pour harmoniser la situation des soci\u00e9t\u00e9s \u00e9trang\u00e8res d\u00e9ficitaires p\u00e9nalis\u00e9es par l\u2019application d\u2019une retenue \u00e0 la source avec celle des soci\u00e9t\u00e9s fran\u00e7aises.<\/b><\/u><\/p>\n<p style=\"text-align: justify;\">Pour faire suite \u00e0 la d\u00e9cision de la CJUE du 22 novembre 2018, la loi de finances pr\u00e9voit le remboursement sur demande, \u00e0 compter du 1er janvier 2020, des retenues \u00e0 la sources acquitt\u00e9es au titre de versements faits \u00e0 des soci\u00e9t\u00e9s \u00e9trang\u00e8res membres de l\u2019UE ou de l\u2019Espace \u00e9conomique europ\u00e9en d\u00e9ficitaires. Les revenus correspondant ne seront impos\u00e9s que lorsque la soci\u00e9t\u00e9 redeviendra b\u00e9n\u00e9ficiaire. Le b\u00e9n\u00e9fice de cette exon\u00e9ration et le maintien du report d\u2019imposition sont soumis \u00e0 des obligation d\u00e9claratives strictes.<\/p>\n<p style=\"text-align: justify;\">Les retenues \u00e0 la source acquitt\u00e9es ant\u00e9rieurement pourront quant \u00e0 elles donner lieu \u00e0 r\u00e9clamation dans les conditions habituelles.<\/p>\n<p style=\"text-align: justify;\"><u><b>M\u00e9c\u00e9nat d\u2019entreprise : le r\u00e9gime se d\u00e9grade pour les dons de plus de 2 M\u20ac<\/b><\/u><\/p>\n<p style=\"text-align: justify;\">Jusqu\u2019alors \u00e9gale \u00e0 60 % du montant des dons dans la limite de 10 000 \u20ac ou de 5 \u2030 du chiffre d\u2019affaires, la r\u00e9duction d\u2019imp\u00f4t est ramen\u00e9e \u00e0 40% pour les dons exc\u00e9dant 2 M\u20ac. L\u2019augmentation concomitante du plafond des d\u00e9penses \u00e9ligibles de 10 000 \u20ac, port\u00e9 \u00e0 20 000 \u20ac, ne sera certainement pas de nature \u00e0 enrayer la baisse des dons.<\/p>\n<p style=\"text-align: justify;\"><u><b>Transposition de la directive europ\u00e9enne destin\u00e9e \u00e0 lutter contre les dispositifs hybrides<\/b><\/u><\/p>\n<p style=\"text-align: justify;\">A titre liminaire, rappelons qu\u2019un dispositif hybride est un m\u00e9canisme permettant d\u2019obtenir pour un seul paiement une double d\u00e9duction, ou d\u2019\u00e9viter toute imposition. L\u2019Union Europ\u00e9enne a adopt\u00e9 deux directives en 2016 et 2017 visant \u00e0 emp\u00eacher ces effets fiscaux favoris\u00e9s par les diff\u00e9rences de l\u00e9gislation entre les \u00c9tats.<\/p>\n<p style=\"text-align: justify;\">Le texte fixe de mani\u00e8re limitative la liste des situations concern\u00e9es, ainsi que les modalit\u00e9s de neutralisation de l\u2019effet fiscal recherch\u00e9. Sans entrer dans cette chronique d\u2019actualit\u00e9 g\u00e9n\u00e9rale dans le d\u00e9tail du texte, soulignons sa complexit\u00e9 et son champ d\u2019application extr\u00eamement large.<\/p>\n<p style=\"text-align: justify;\"><u><b>Suppression du recours syst\u00e9matique \u00e0 un agr\u00e9ment en vue du transfert des d\u00e9ficits dans le cadre d\u2019une fusion.<\/b><\/u><\/p>\n<p style=\"text-align: justify;\">Le transfert des d\u00e9ficits de l\u2019absorb\u00e9e en cas de fusion n\u2019est plus d\u00e9sormais subordonn\u00e9 de mani\u00e8re syst\u00e9matique au d\u00e9p\u00f4t d\u2019une demande d\u2019agr\u00e9ment. Cette dispense ne s\u2019applique qu\u2019aux d\u00e9ficits dont le montant cumul\u00e9 n\u2019exc\u00e8de pas 200 000 \u20ac, ne provenant pas de la gestion d\u2019un patrimoine mobilier ou immobilier, et dont la validit\u00e9 n\u2019est pas susceptible d\u2019\u00eatre contest\u00e9e en raison d\u2019une cessation d\u2019activit\u00e9 pr\u00e9alable au transfert.<\/p>\n<p style=\"text-align: justify;\">A noter que ces nouvelles r\u00e8gles ne concernent que les fusions \u00e0 l\u2019exclusion des apports partiels d\u2019actif ou des scissions.<\/p>\n<p style=\"text-align: justify;\"><u><b>TVA : la directive E-commerce du 5 d\u00e9cembre 2017, compl\u00e9t\u00e9e par celle du 2 novembre 2019 est transpos\u00e9e dans notre droit interne.<\/b><\/u><\/p>\n<p style=\"text-align: justify;\">Le nouveau dispositif pr\u00e9voit notamment une harmonisation du seuil de taxation dans l\u2019Etat de consommation. Ainsi, auparavant fix\u00e9 par la France \u00e0 35 000 \u20ac par Etat, il est dor\u00e9navant \u00e9tabli \u00e0 10 000 \u20ac pour l\u2019ensemble des op\u00e9rations de vente \u00e0 distance. Pour clarifier le propos, une entreprise r\u00e9alisant plus de 10 000 \u20ac par an de ventes \u00e0 distance vers un \u00c9tat membre, quel qu\u2019il soit, sera redevable de la TVA dans l\u2019\u00e9tat de r\u00e9sidences des consommateurs. Parall\u00e8lement, le recouvrement de la TVA se fera par l\u2019interm\u00e9diaire d\u2019un guichet unique situ\u00e9 en France lorsque le prestataire y est identifi\u00e9.<\/p>\t\t\t\t\t\t\t\t<\/div>\n\t\t\t\t<\/div>\n\t\t\t\t\t<\/div>\n\t\t<\/div>\n\t\t\t\t\t<\/div>\n\t\t<\/section>\n\t\t\t\t<\/div>","protected":false},"excerpt":{"rendered":"<p>Baisse de l\u2019IS repouss\u00e9e pour les entreprises dont le chiffre d\u2019affaires est au moins \u00e9gal \u00e0 250 M\u20ac. Pour les grandes entreprises d\u00e9finies comme indiqu\u00e9 ci-dessus, le taux de l\u2019IS ne sera finalement ramen\u00e9 qu\u2019\u00e0 31 % pour les exercices ouverts \u00e0 compter du 1er janvier 2020 pour la part du b\u00e9n\u00e9fice imposable exc\u00e9dant 500 [&hellip;]<\/p>","protected":false},"author":3,"featured_media":0,"comment_status":"closed","ping_status":"closed","sticky":false,"template":"","format":"standard","meta":{"ocean_post_layout":"","ocean_both_sidebars_style":"","ocean_both_sidebars_content_width":0,"ocean_both_sidebars_sidebars_width":0,"ocean_sidebar":"0","ocean_second_sidebar":"0","ocean_disable_margins":"enable","ocean_add_body_class":"","ocean_shortcode_before_top_bar":"","ocean_shortcode_after_top_bar":"","ocean_shortcode_before_header":"","ocean_shortcode_after_header":"","ocean_has_shortcode":"","ocean_shortcode_after_title":"","ocean_shortcode_before_footer_widgets":"","ocean_shortcode_after_footer_widgets":"","ocean_shortcode_before_footer_bottom":"","ocean_shortcode_after_footer_bottom":"","ocean_display_top_bar":"default","ocean_display_header":"default","ocean_header_style":"","ocean_center_header_left_menu":"0","ocean_custom_header_template":"0","ocean_custom_logo":0,"ocean_custom_retina_logo":0,"ocean_custom_logo_max_width":0,"ocean_custom_logo_tablet_max_width":0,"ocean_custom_logo_mobile_max_width":0,"ocean_custom_logo_max_height":0,"ocean_custom_logo_tablet_max_height":0,"ocean_custom_logo_mobile_max_height":0,"ocean_header_custom_menu":"0","ocean_menu_typo_font_family":"0","ocean_menu_typo_font_subset":"","ocean_menu_typo_font_size":0,"ocean_menu_typo_font_size_tablet":0,"ocean_menu_typo_font_size_mobile":0,"ocean_menu_typo_font_size_unit":"px","ocean_menu_typo_font_weight":"","ocean_menu_typo_font_weight_tablet":"","ocean_menu_typo_font_weight_mobile":"","ocean_menu_typo_transform":"","ocean_menu_typo_transform_tablet":"","ocean_menu_typo_transform_mobile":"","ocean_menu_typo_line_height":0,"ocean_menu_typo_line_height_tablet":0,"ocean_menu_typo_line_height_mobile":0,"ocean_menu_typo_line_height_unit":"","ocean_menu_typo_spacing":0,"ocean_menu_typo_spacing_tablet":0,"ocean_menu_typo_spacing_mobile":0,"ocean_menu_typo_spacing_unit":"","ocean_menu_link_color":"","ocean_menu_link_color_hover":"","ocean_menu_link_color_active":"","ocean_menu_link_background":"","ocean_menu_link_hover_background":"","ocean_menu_link_active_background":"","ocean_menu_social_links_bg":"","ocean_menu_social_hover_links_bg":"","ocean_menu_social_links_color":"","ocean_menu_social_hover_links_color":"","ocean_disable_title":"on","ocean_disable_heading":"default","ocean_post_title":"","ocean_post_subheading":"","ocean_post_title_style":"centered-minimal","ocean_post_title_background_color":"","ocean_post_title_background":0,"ocean_post_title_bg_image_position":"","ocean_post_title_bg_image_attachment":"","ocean_post_title_bg_image_repeat":"","ocean_post_title_bg_image_size":"","ocean_post_title_height":0,"ocean_post_title_bg_overlay":0.5,"ocean_post_title_bg_overlay_color":"","ocean_disable_breadcrumbs":"default","ocean_breadcrumbs_color":"","ocean_breadcrumbs_separator_color":"","ocean_breadcrumbs_links_color":"","ocean_breadcrumbs_links_hover_color":"","ocean_display_footer_widgets":"default","ocean_display_footer_bottom":"default","ocean_custom_footer_template":"0","ocean_post_oembed":"","ocean_post_self_hosted_media":"","ocean_post_video_embed":"","ocean_link_format":"","ocean_link_format_target":"self","ocean_quote_format":"","ocean_quote_format_link":"post","ocean_gallery_link_images":"off","ocean_gallery_id":[],"footnotes":""},"categories":[1],"tags":[],"class_list":["post-212","post","type-post","status-publish","format-standard","hentry","category-uncategorized","entry"],"yoast_head":"<!-- This site is optimized with the Yoast SEO plugin v24.9 - https:\/\/yoast.com\/wordpress\/plugins\/seo\/ -->\n<title>Loi de finances 2020 : quelques mesures int\u00e9ressant les entreprises - Clarisse Amadieu-Le Claire<\/title>\n<meta name=\"description\" content=\"Loi de finances 2020 - D\u00e9couvrez les mesures cl\u00e9s \u00e0 destination des entreprises : baisse de l&#039;IS, harmonisation, m\u00e9c\u00e9nat, etc.\" \/>\n<meta name=\"robots\" content=\"index, follow, max-snippet:-1, max-image-preview:large, max-video-preview:-1\" \/>\n<link rel=\"canonical\" href=\"https:\/\/www.calc-avocat.com\/en\/loi-finances-2020-entreprises\/\" \/>\n<meta property=\"og:locale\" content=\"en_GB\" \/>\n<meta property=\"og:type\" content=\"article\" \/>\n<meta property=\"og:title\" content=\"Loi de finances 2020 : quelques mesures int\u00e9ressant les entreprises - Clarisse Amadieu-Le Claire\" \/>\n<meta property=\"og:description\" content=\"Loi de finances 2020 - D\u00e9couvrez les mesures cl\u00e9s \u00e0 destination des entreprises : baisse de l&#039;IS, harmonisation, m\u00e9c\u00e9nat, etc.\" \/>\n<meta property=\"og:url\" content=\"https:\/\/www.calc-avocat.com\/en\/loi-finances-2020-entreprises\/\" \/>\n<meta property=\"og:site_name\" content=\"Clarisse Amadieu-Le Claire\" \/>\n<meta property=\"article:published_time\" content=\"2020-02-16T18:32:28+00:00\" \/>\n<meta property=\"article:modified_time\" content=\"2021-10-11T09:15:35+00:00\" \/>\n<meta name=\"author\" content=\"Clarisse Amadieu-Le Claire\" \/>\n<meta name=\"twitter:card\" content=\"summary_large_image\" \/>\n<meta name=\"twitter:label1\" content=\"Written by\" \/>\n\t<meta name=\"twitter:data1\" content=\"Clarisse Amadieu-Le Claire\" \/>\n\t<meta name=\"twitter:label2\" content=\"Estimated reading time\" \/>\n\t<meta name=\"twitter:data2\" content=\"3 minutes\" \/>\n<script type=\"application\/ld+json\" class=\"yoast-schema-graph\">{\"@context\":\"https:\/\/schema.org\",\"@graph\":[{\"@type\":\"Article\",\"@id\":\"https:\/\/www.calc-avocat.com\/en\/loi-finances-2020-entreprises\/#article\",\"isPartOf\":{\"@id\":\"https:\/\/www.calc-avocat.com\/en\/loi-finances-2020-entreprises\/\"},\"author\":{\"name\":\"Clarisse Amadieu-Le Claire\",\"@id\":\"https:\/\/www.calc-avocat.com\/#\/schema\/person\/c93c82e531e25602532a18336b0ca991\"},\"headline\":\"Loi de finances 2020 : quelques mesures int\u00e9ressant les entreprises\",\"datePublished\":\"2020-02-16T18:32:28+00:00\",\"dateModified\":\"2021-10-11T09:15:35+00:00\",\"mainEntityOfPage\":{\"@id\":\"https:\/\/www.calc-avocat.com\/en\/loi-finances-2020-entreprises\/\"},\"wordCount\":674,\"publisher\":{\"@id\":\"https:\/\/www.calc-avocat.com\/#organization\"},\"articleSection\":[\"Uncategorized\"],\"inLanguage\":\"en-GB\"},{\"@type\":\"WebPage\",\"@id\":\"https:\/\/www.calc-avocat.com\/en\/loi-finances-2020-entreprises\/\",\"url\":\"https:\/\/www.calc-avocat.com\/en\/loi-finances-2020-entreprises\/\",\"name\":\"Loi de finances 2020 : quelques mesures int\u00e9ressant les entreprises - Clarisse Amadieu-Le Claire\",\"isPartOf\":{\"@id\":\"https:\/\/www.calc-avocat.com\/#website\"},\"datePublished\":\"2020-02-16T18:32:28+00:00\",\"dateModified\":\"2021-10-11T09:15:35+00:00\",\"description\":\"Loi de finances 2020 - D\u00e9couvrez les mesures cl\u00e9s \u00e0 destination des entreprises : baisse de l'IS, harmonisation, m\u00e9c\u00e9nat, etc.\",\"breadcrumb\":{\"@id\":\"https:\/\/www.calc-avocat.com\/en\/loi-finances-2020-entreprises\/#breadcrumb\"},\"inLanguage\":\"en-GB\",\"potentialAction\":[{\"@type\":\"ReadAction\",\"target\":[\"https:\/\/www.calc-avocat.com\/en\/loi-finances-2020-entreprises\/\"]}]},{\"@type\":\"BreadcrumbList\",\"@id\":\"https:\/\/www.calc-avocat.com\/en\/loi-finances-2020-entreprises\/#breadcrumb\",\"itemListElement\":[{\"@type\":\"ListItem\",\"position\":1,\"name\":\"Accueil\",\"item\":\"https:\/\/www.calc-avocat.com\/\"},{\"@type\":\"ListItem\",\"position\":2,\"name\":\"Loi de finances 2020 : quelques mesures int\u00e9ressant les entreprises\"}]},{\"@type\":\"WebSite\",\"@id\":\"https:\/\/www.calc-avocat.com\/#website\",\"url\":\"https:\/\/www.calc-avocat.com\/\",\"name\":\"Clarisse Amadieu-Le Claire\",\"description\":\"Avocat au Barreau de Paris\",\"publisher\":{\"@id\":\"https:\/\/www.calc-avocat.com\/#organization\"},\"potentialAction\":[{\"@type\":\"SearchAction\",\"target\":{\"@type\":\"EntryPoint\",\"urlTemplate\":\"https:\/\/www.calc-avocat.com\/?s={search_term_string}\"},\"query-input\":{\"@type\":\"PropertyValueSpecification\",\"valueRequired\":true,\"valueName\":\"search_term_string\"}}],\"inLanguage\":\"en-GB\"},{\"@type\":\"Organization\",\"@id\":\"https:\/\/www.calc-avocat.com\/#organization\",\"name\":\"Clarisse Amadieu-Le Claire Soci\u00e9t\u00e9 d\u2019Avocat\",\"url\":\"https:\/\/www.calc-avocat.com\/\",\"logo\":{\"@type\":\"ImageObject\",\"inLanguage\":\"en-GB\",\"@id\":\"https:\/\/www.calc-avocat.com\/#\/schema\/logo\/image\/\",\"url\":\"https:\/\/www.calc-avocat.com\/wp-content\/uploads\/2020\/02\/logoCALCv2.jpg\",\"contentUrl\":\"https:\/\/www.calc-avocat.com\/wp-content\/uploads\/2020\/02\/logoCALCv2.jpg\",\"width\":339,\"height\":339,\"caption\":\"Clarisse Amadieu-Le Claire Soci\u00e9t\u00e9 d\u2019Avocat\"},\"image\":{\"@id\":\"https:\/\/www.calc-avocat.com\/#\/schema\/logo\/image\/\"},\"sameAs\":[\"https:\/\/www.linkedin.com\/in\/clarisse-amadieu-le-claire-b0747116\/\"]},{\"@type\":\"Person\",\"@id\":\"https:\/\/www.calc-avocat.com\/#\/schema\/person\/c93c82e531e25602532a18336b0ca991\",\"name\":\"Clarisse Amadieu-Le Claire\",\"sameAs\":[\"https:\/\/www.calc-avocat.com\"],\"url\":\"https:\/\/www.calc-avocat.com\/en\/author\/calc\/\"}]}<\/script>\n<!-- \/ Yoast SEO plugin. -->","yoast_head_json":{"title":"Loi de finances 2020 : quelques mesures int\u00e9ressant les entreprises - Clarisse Amadieu-Le Claire","description":"Loi de finances 2020 - D\u00e9couvrez les mesures cl\u00e9s \u00e0 destination des entreprises : baisse de l'IS, harmonisation, m\u00e9c\u00e9nat, etc.","robots":{"index":"index","follow":"follow","max-snippet":"max-snippet:-1","max-image-preview":"max-image-preview:large","max-video-preview":"max-video-preview:-1"},"canonical":"https:\/\/www.calc-avocat.com\/en\/loi-finances-2020-entreprises\/","og_locale":"en_GB","og_type":"article","og_title":"Loi de finances 2020 : quelques mesures int\u00e9ressant les entreprises - Clarisse Amadieu-Le Claire","og_description":"Loi de finances 2020 - D\u00e9couvrez les mesures cl\u00e9s \u00e0 destination des entreprises : baisse de l'IS, harmonisation, m\u00e9c\u00e9nat, etc.","og_url":"https:\/\/www.calc-avocat.com\/en\/loi-finances-2020-entreprises\/","og_site_name":"Clarisse Amadieu-Le Claire","article_published_time":"2020-02-16T18:32:28+00:00","article_modified_time":"2021-10-11T09:15:35+00:00","author":"Clarisse Amadieu-Le Claire","twitter_card":"summary_large_image","twitter_misc":{"Written by":"Clarisse Amadieu-Le Claire","Estimated reading time":"3 minutes"},"schema":{"@context":"https:\/\/schema.org","@graph":[{"@type":"Article","@id":"https:\/\/www.calc-avocat.com\/en\/loi-finances-2020-entreprises\/#article","isPartOf":{"@id":"https:\/\/www.calc-avocat.com\/en\/loi-finances-2020-entreprises\/"},"author":{"name":"Clarisse Amadieu-Le Claire","@id":"https:\/\/www.calc-avocat.com\/#\/schema\/person\/c93c82e531e25602532a18336b0ca991"},"headline":"Loi de finances 2020 : quelques mesures int\u00e9ressant les entreprises","datePublished":"2020-02-16T18:32:28+00:00","dateModified":"2021-10-11T09:15:35+00:00","mainEntityOfPage":{"@id":"https:\/\/www.calc-avocat.com\/en\/loi-finances-2020-entreprises\/"},"wordCount":674,"publisher":{"@id":"https:\/\/www.calc-avocat.com\/#organization"},"articleSection":["Uncategorized"],"inLanguage":"en-GB"},{"@type":"WebPage","@id":"https:\/\/www.calc-avocat.com\/en\/loi-finances-2020-entreprises\/","url":"https:\/\/www.calc-avocat.com\/en\/loi-finances-2020-entreprises\/","name":"Loi de finances 2020 : quelques mesures int\u00e9ressant les entreprises - Clarisse Amadieu-Le Claire","isPartOf":{"@id":"https:\/\/www.calc-avocat.com\/#website"},"datePublished":"2020-02-16T18:32:28+00:00","dateModified":"2021-10-11T09:15:35+00:00","description":"Loi de finances 2020 - D\u00e9couvrez les mesures cl\u00e9s \u00e0 destination des entreprises : baisse de l'IS, harmonisation, m\u00e9c\u00e9nat, etc.","breadcrumb":{"@id":"https:\/\/www.calc-avocat.com\/en\/loi-finances-2020-entreprises\/#breadcrumb"},"inLanguage":"en-GB","potentialAction":[{"@type":"ReadAction","target":["https:\/\/www.calc-avocat.com\/en\/loi-finances-2020-entreprises\/"]}]},{"@type":"BreadcrumbList","@id":"https:\/\/www.calc-avocat.com\/en\/loi-finances-2020-entreprises\/#breadcrumb","itemListElement":[{"@type":"ListItem","position":1,"name":"Accueil","item":"https:\/\/www.calc-avocat.com\/"},{"@type":"ListItem","position":2,"name":"Loi de finances 2020 : quelques mesures int\u00e9ressant les entreprises"}]},{"@type":"WebSite","@id":"https:\/\/www.calc-avocat.com\/#website","url":"https:\/\/www.calc-avocat.com\/","name":"Clarisse Amadieu-Le Claire","description":"Avocat au Barreau de Paris","publisher":{"@id":"https:\/\/www.calc-avocat.com\/#organization"},"potentialAction":[{"@type":"SearchAction","target":{"@type":"EntryPoint","urlTemplate":"https:\/\/www.calc-avocat.com\/?s={search_term_string}"},"query-input":{"@type":"PropertyValueSpecification","valueRequired":true,"valueName":"search_term_string"}}],"inLanguage":"en-GB"},{"@type":"Organization","@id":"https:\/\/www.calc-avocat.com\/#organization","name":"Clarisse Amadieu-Le Claire Soci\u00e9t\u00e9 d\u2019Avocat","url":"https:\/\/www.calc-avocat.com\/","logo":{"@type":"ImageObject","inLanguage":"en-GB","@id":"https:\/\/www.calc-avocat.com\/#\/schema\/logo\/image\/","url":"https:\/\/www.calc-avocat.com\/wp-content\/uploads\/2020\/02\/logoCALCv2.jpg","contentUrl":"https:\/\/www.calc-avocat.com\/wp-content\/uploads\/2020\/02\/logoCALCv2.jpg","width":339,"height":339,"caption":"Clarisse Amadieu-Le Claire Soci\u00e9t\u00e9 d\u2019Avocat"},"image":{"@id":"https:\/\/www.calc-avocat.com\/#\/schema\/logo\/image\/"},"sameAs":["https:\/\/www.linkedin.com\/in\/clarisse-amadieu-le-claire-b0747116\/"]},{"@type":"Person","@id":"https:\/\/www.calc-avocat.com\/#\/schema\/person\/c93c82e531e25602532a18336b0ca991","name":"Clarisse Amadieu-Le Claire","sameAs":["https:\/\/www.calc-avocat.com"],"url":"https:\/\/www.calc-avocat.com\/en\/author\/calc\/"}]}},"_links":{"self":[{"href":"https:\/\/www.calc-avocat.com\/en\/wp-json\/wp\/v2\/posts\/212","targetHints":{"allow":["GET"]}}],"collection":[{"href":"https:\/\/www.calc-avocat.com\/en\/wp-json\/wp\/v2\/posts"}],"about":[{"href":"https:\/\/www.calc-avocat.com\/en\/wp-json\/wp\/v2\/types\/post"}],"author":[{"embeddable":true,"href":"https:\/\/www.calc-avocat.com\/en\/wp-json\/wp\/v2\/users\/3"}],"replies":[{"embeddable":true,"href":"https:\/\/www.calc-avocat.com\/en\/wp-json\/wp\/v2\/comments?post=212"}],"version-history":[{"count":19,"href":"https:\/\/www.calc-avocat.com\/en\/wp-json\/wp\/v2\/posts\/212\/revisions"}],"predecessor-version":[{"id":288,"href":"https:\/\/www.calc-avocat.com\/en\/wp-json\/wp\/v2\/posts\/212\/revisions\/288"}],"wp:attachment":[{"href":"https:\/\/www.calc-avocat.com\/en\/wp-json\/wp\/v2\/media?parent=212"}],"wp:term":[{"taxonomy":"category","embeddable":true,"href":"https:\/\/www.calc-avocat.com\/en\/wp-json\/wp\/v2\/categories?post=212"},{"taxonomy":"post_tag","embeddable":true,"href":"https:\/\/www.calc-avocat.com\/en\/wp-json\/wp\/v2\/tags?post=212"}],"curies":[{"name":"wp","href":"https:\/\/api.w.org\/{rel}","templated":true}]}}